{"id":6293,"date":"2021-05-04T14:48:46","date_gmt":"2021-05-04T14:48:46","guid":{"rendered":"https:\/\/www.elgrillitosuena.com\/inicio\/?p=6293"},"modified":"2021-05-04T18:45:05","modified_gmt":"2021-05-04T18:45:05","slug":"de-cargador-en-el-tianguis-a-presidente-municipal","status":"publish","type":"post","link":"https:\/\/www.elgrillitosuena.com\/inicio\/noticias\/uruapan\/de-cargador-en-el-tianguis-a-presidente-municipal\/","title":{"rendered":"De cargador en el Tianguis a Presidente Municipal"},"content":{"rendered":"<p><img decoding=\"async\" loading=\"lazy\" class=\"alignnone wp-image-6303\" src=\"https:\/\/www.elgrillitosuena.com\/inicio\/wp-content\/uploads\/2021\/05\/WhatsApp-Image-2021-05-04-at-09.11.48-300x200.jpeg\" alt=\"\" width=\"773\" height=\"515\" srcset=\"https:\/\/www.elgrillitosuena.com\/inicio\/wp-content\/uploads\/2021\/05\/WhatsApp-Image-2021-05-04-at-09.11.48-300x200.jpeg 300w, https:\/\/www.elgrillitosuena.com\/inicio\/wp-content\/uploads\/2021\/05\/WhatsApp-Image-2021-05-04-at-09.11.48-1024x682.jpeg 1024w, https:\/\/www.elgrillitosuena.com\/inicio\/wp-content\/uploads\/2021\/05\/WhatsApp-Image-2021-05-04-at-09.11.48-768x511.jpeg 768w, https:\/\/www.elgrillitosuena.com\/inicio\/wp-content\/uploads\/2021\/05\/WhatsApp-Image-2021-05-04-at-09.11.48.jpeg 1280w\" sizes=\"(max-width: 773px) 100vw, 773px\" \/><\/p>\n<p>Uruapan, Mich;.-Fiel a su filosof\u00eda de entender a los uruapenses escuch\u00e1ndolos de cerca, desde las 6 de la ma\u00f1ana el candidato del Equipo por Uruapan a la alcald\u00eda,\u00a0 visit\u00f3 el popular Tianguis de La Mora, conociendo por experiencia propia la ardua labor del d\u00eda a d\u00eda.<\/p>\n<blockquote><p>\u201cNo es suficiente escuchar \u00fanicamente a los sectores, quienes buscamos representarlos debemos ponernos en sus zapatos para conocer de primera mano su trabajo diario y sus complicaciones en el d\u00eda a d\u00eda\u201d, enfatiz\u00f3 <a href=\"https:\/\/www.facebook.com\/MiguelParedesMelgoza1\">Miguel Paredes.<\/a><\/p><\/blockquote>\n<p>El candidato trabaj\u00f3 descargando mercanc\u00edas y productos de los veh\u00edculos de los comerciantes tal y como lo hacen diariamente al iniciar su jornada llevando los productos de la canasta b\u00e1sica a buen precio hasta las distintas colonias de Uruapan.<\/p>\n<p>Miguel Paredes destac\u00f3 su trabajo y sacrificio desde temprana hora cada d\u00eda para llevar el sustento a sus familias, siendo precisamente esta su prioridad en el proyecto que encabeza en aras del bienestar de los uruapenses.<\/p>\n<p>Los comerciantes vieron en Miguel Paredes no solo al candidato ni al pol\u00edtico, <em>sino<\/em> al ser humano que para entenderlos se pone realmente en su lugar, realiza su trabajo y se empapa de su entorno, lo cual aseguraron les genera la confianza que buscan en un representante.<\/p>\n<p><em>Descargando mercanc\u00edas<\/em><\/p>\n<div data-carousel-extra='{\"blog_id\":1,\"permalink\":\"https:\\\/\\\/www.elgrillitosuena.com\\\/inicio\\\/noticias\\\/uruapan\\\/de-cargador-en-el-tianguis-a-presidente-municipal\\\/\",\"likes_blog_id\":false}' id='gallery-1' class='gallery galleryid-6293 gallery-columns-3 gallery-size-medium'><figure class='gallery-item'>\n\t\t\t<div class='gallery-icon landscape'>\n\t\t\t\t<a href='https:\/\/www.elgrillitosuena.com\/inicio\/noticias\/uruapan\/de-cargador-en-el-tianguis-a-presidente-municipal\/attachment\/whatsapp-image-2021-05-04-at-09-11-46-2\/'><img width=\"300\" height=\"200\" src=\"https:\/\/www.elgrillitosuena.com\/inicio\/wp-content\/uploads\/2021\/05\/WhatsApp-Image-2021-05-04-at-09.11.46-2-300x200.jpeg\" class=\"attachment-medium size-medium\" alt=\"\" decoding=\"async\" loading=\"lazy\" srcset=\"https:\/\/www.elgrillitosuena.com\/inicio\/wp-content\/uploads\/2021\/05\/WhatsApp-Image-2021-05-04-at-09.11.46-2-300x200.jpeg 300w, https:\/\/www.elgrillitosuena.com\/inicio\/wp-content\/uploads\/2021\/05\/WhatsApp-Image-2021-05-04-at-09.11.46-2-1024x682.jpeg 1024w, https:\/\/www.elgrillitosuena.com\/inicio\/wp-content\/uploads\/2021\/05\/WhatsApp-Image-2021-05-04-at-09.11.46-2-768x511.jpeg 768w, https:\/\/www.elgrillitosuena.com\/inicio\/wp-content\/uploads\/2021\/05\/WhatsApp-Image-2021-05-04-at-09.11.46-2.jpeg 1280w\" sizes=\"(max-width: 300px) 100vw, 300px\" data-attachment-id=\"6295\" data-orig-file=\"https:\/\/www.elgrillitosuena.com\/inicio\/wp-content\/uploads\/2021\/05\/WhatsApp-Image-2021-05-04-at-09.11.46-2.jpeg\" data-orig-size=\"1280,852\" data-comments-opened=\"1\" data-image-meta=\"{&quot;aperture&quot;:&quot;0&quot;,&quot;credit&quot;:&quot;&quot;,&quot;camera&quot;:&quot;&quot;,&quot;caption&quot;:&quot;&quot;,&quot;created_timestamp&quot;:&quot;0&quot;,&quot;copyright&quot;:&quot;&quot;,&quot;focal_length&quot;:&quot;0&quot;,&quot;iso&quot;:&quot;0&quot;,&quot;shutter_speed&quot;:&quot;0&quot;,&quot;title&quot;:&quot;&quot;,&quot;orientation&quot;:&quot;0&quot;,&quot;keywords&quot;:&quot;Array&quot;}\" data-image-title=\"WhatsApp Image 2021-05-04 at 09.11.46 (2)\" data-image-description=\"\" data-medium-file=\"https:\/\/www.elgrillitosuena.com\/inicio\/wp-content\/uploads\/2021\/05\/WhatsApp-Image-2021-05-04-at-09.11.46-2-300x200.jpeg\" data-large-file=\"https:\/\/www.elgrillitosuena.com\/inicio\/wp-content\/uploads\/2021\/05\/WhatsApp-Image-2021-05-04-at-09.11.46-2-1024x682.jpeg\" \/><\/a>\n\t\t\t<\/div><\/figure><figure class='gallery-item'>\n\t\t\t<div class='gallery-icon landscape'>\n\t\t\t\t<a href='https:\/\/www.elgrillitosuena.com\/inicio\/noticias\/uruapan\/de-cargador-en-el-tianguis-a-presidente-municipal\/attachment\/whatsapp-image-2021-05-04-at-09-11-48-3\/'><img width=\"300\" height=\"200\" src=\"https:\/\/www.elgrillitosuena.com\/inicio\/wp-content\/uploads\/2021\/05\/WhatsApp-Image-2021-05-04-at-09.11.48-3-300x200.jpeg\" class=\"attachment-medium size-medium\" alt=\"\" decoding=\"async\" loading=\"lazy\" srcset=\"https:\/\/www.elgrillitosuena.com\/inicio\/wp-content\/uploads\/2021\/05\/WhatsApp-Image-2021-05-04-at-09.11.48-3-300x200.jpeg 300w, https:\/\/www.elgrillitosuena.com\/inicio\/wp-content\/uploads\/2021\/05\/WhatsApp-Image-2021-05-04-at-09.11.48-3-1024x682.jpeg 1024w, https:\/\/www.elgrillitosuena.com\/inicio\/wp-content\/uploads\/2021\/05\/WhatsApp-Image-2021-05-04-at-09.11.48-3-768x511.jpeg 768w, https:\/\/www.elgrillitosuena.com\/inicio\/wp-content\/uploads\/2021\/05\/WhatsApp-Image-2021-05-04-at-09.11.48-3.jpeg 1280w\" sizes=\"(max-width: 300px) 100vw, 300px\" data-attachment-id=\"6302\" data-orig-file=\"https:\/\/www.elgrillitosuena.com\/inicio\/wp-content\/uploads\/2021\/05\/WhatsApp-Image-2021-05-04-at-09.11.48-3.jpeg\" data-orig-size=\"1280,852\" data-comments-opened=\"1\" data-image-meta=\"{&quot;aperture&quot;:&quot;0&quot;,&quot;credit&quot;:&quot;&quot;,&quot;camera&quot;:&quot;&quot;,&quot;caption&quot;:&quot;&quot;,&quot;created_timestamp&quot;:&quot;0&quot;,&quot;copyright&quot;:&quot;&quot;,&quot;focal_length&quot;:&quot;0&quot;,&quot;iso&quot;:&quot;0&quot;,&quot;shutter_speed&quot;:&quot;0&quot;,&quot;title&quot;:&quot;&quot;,&quot;orientation&quot;:&quot;0&quot;,&quot;keywords&quot;:&quot;Array&quot;}\" data-image-title=\"WhatsApp Image 2021-05-04 at 09.11.48 (3)\" data-image-description=\"\" data-medium-file=\"https:\/\/www.elgrillitosuena.com\/inicio\/wp-content\/uploads\/2021\/05\/WhatsApp-Image-2021-05-04-at-09.11.48-3-300x200.jpeg\" data-large-file=\"https:\/\/www.elgrillitosuena.com\/inicio\/wp-content\/uploads\/2021\/05\/WhatsApp-Image-2021-05-04-at-09.11.48-3-1024x682.jpeg\" \/><\/a>\n\t\t\t<\/div><\/figure><figure class='gallery-item'>\n\t\t\t<div class='gallery-icon landscape'>\n\t\t\t\t<a href='https:\/\/www.elgrillitosuena.com\/inicio\/noticias\/uruapan\/de-cargador-en-el-tianguis-a-presidente-municipal\/attachment\/whatsapp-image-2021-05-04-at-09-11-48-2\/'><img width=\"300\" height=\"169\" src=\"https:\/\/www.elgrillitosuena.com\/inicio\/wp-content\/uploads\/2021\/05\/WhatsApp-Image-2021-05-04-at-09.11.48-2-300x169.jpeg\" class=\"attachment-medium size-medium\" alt=\"\" decoding=\"async\" loading=\"lazy\" srcset=\"https:\/\/www.elgrillitosuena.com\/inicio\/wp-content\/uploads\/2021\/05\/WhatsApp-Image-2021-05-04-at-09.11.48-2-300x169.jpeg 300w, https:\/\/www.elgrillitosuena.com\/inicio\/wp-content\/uploads\/2021\/05\/WhatsApp-Image-2021-05-04-at-09.11.48-2-1024x576.jpeg 1024w, https:\/\/www.elgrillitosuena.com\/inicio\/wp-content\/uploads\/2021\/05\/WhatsApp-Image-2021-05-04-at-09.11.48-2-768x432.jpeg 768w, https:\/\/www.elgrillitosuena.com\/inicio\/wp-content\/uploads\/2021\/05\/WhatsApp-Image-2021-05-04-at-09.11.48-2.jpeg 1280w\" sizes=\"(max-width: 300px) 100vw, 300px\" data-attachment-id=\"6301\" data-orig-file=\"https:\/\/www.elgrillitosuena.com\/inicio\/wp-content\/uploads\/2021\/05\/WhatsApp-Image-2021-05-04-at-09.11.48-2.jpeg\" data-orig-size=\"1280,720\" data-comments-opened=\"1\" data-image-meta=\"{&quot;aperture&quot;:&quot;0&quot;,&quot;credit&quot;:&quot;&quot;,&quot;camera&quot;:&quot;&quot;,&quot;caption&quot;:&quot;&quot;,&quot;created_timestamp&quot;:&quot;0&quot;,&quot;copyright&quot;:&quot;&quot;,&quot;focal_length&quot;:&quot;0&quot;,&quot;iso&quot;:&quot;0&quot;,&quot;shutter_speed&quot;:&quot;0&quot;,&quot;title&quot;:&quot;&quot;,&quot;orientation&quot;:&quot;0&quot;,&quot;keywords&quot;:&quot;Array&quot;}\" data-image-title=\"WhatsApp Image 2021-05-04 at 09.11.48 (2)\" data-image-description=\"\" data-medium-file=\"https:\/\/www.elgrillitosuena.com\/inicio\/wp-content\/uploads\/2021\/05\/WhatsApp-Image-2021-05-04-at-09.11.48-2-300x169.jpeg\" data-large-file=\"https:\/\/www.elgrillitosuena.com\/inicio\/wp-content\/uploads\/2021\/05\/WhatsApp-Image-2021-05-04-at-09.11.48-2-1024x576.jpeg\" \/><\/a>\n\t\t\t<\/div><\/figure><figure class='gallery-item'>\n\t\t\t<div class='gallery-icon landscape'>\n\t\t\t\t<a href='https:\/\/www.elgrillitosuena.com\/inicio\/noticias\/uruapan\/de-cargador-en-el-tianguis-a-presidente-municipal\/attachment\/whatsapp-image-2021-05-04-at-09-11-48-1\/'><img width=\"300\" height=\"200\" src=\"https:\/\/www.elgrillitosuena.com\/inicio\/wp-content\/uploads\/2021\/05\/WhatsApp-Image-2021-05-04-at-09.11.48-1-300x200.jpeg\" class=\"attachment-medium size-medium\" alt=\"\" decoding=\"async\" loading=\"lazy\" srcset=\"https:\/\/www.elgrillitosuena.com\/inicio\/wp-content\/uploads\/2021\/05\/WhatsApp-Image-2021-05-04-at-09.11.48-1-300x200.jpeg 300w, https:\/\/www.elgrillitosuena.com\/inicio\/wp-content\/uploads\/2021\/05\/WhatsApp-Image-2021-05-04-at-09.11.48-1-1024x682.jpeg 1024w, https:\/\/www.elgrillitosuena.com\/inicio\/wp-content\/uploads\/2021\/05\/WhatsApp-Image-2021-05-04-at-09.11.48-1-768x511.jpeg 768w, https:\/\/www.elgrillitosuena.com\/inicio\/wp-content\/uploads\/2021\/05\/WhatsApp-Image-2021-05-04-at-09.11.48-1.jpeg 1280w\" sizes=\"(max-width: 300px) 100vw, 300px\" data-attachment-id=\"6300\" data-orig-file=\"https:\/\/www.elgrillitosuena.com\/inicio\/wp-content\/uploads\/2021\/05\/WhatsApp-Image-2021-05-04-at-09.11.48-1.jpeg\" data-orig-size=\"1280,852\" data-comments-opened=\"1\" data-image-meta=\"{&quot;aperture&quot;:&quot;0&quot;,&quot;credit&quot;:&quot;&quot;,&quot;camera&quot;:&quot;&quot;,&quot;caption&quot;:&quot;&quot;,&quot;created_timestamp&quot;:&quot;0&quot;,&quot;copyright&quot;:&quot;&quot;,&quot;focal_length&quot;:&quot;0&quot;,&quot;iso&quot;:&quot;0&quot;,&quot;shutter_speed&quot;:&quot;0&quot;,&quot;title&quot;:&quot;&quot;,&quot;orientation&quot;:&quot;0&quot;,&quot;keywords&quot;:&quot;Array&quot;}\" data-image-title=\"WhatsApp Image 2021-05-04 at 09.11.48 (1)\" data-image-description=\"\" data-medium-file=\"https:\/\/www.elgrillitosuena.com\/inicio\/wp-content\/uploads\/2021\/05\/WhatsApp-Image-2021-05-04-at-09.11.48-1-300x200.jpeg\" data-large-file=\"https:\/\/www.elgrillitosuena.com\/inicio\/wp-content\/uploads\/2021\/05\/WhatsApp-Image-2021-05-04-at-09.11.48-1-1024x682.jpeg\" \/><\/a>\n\t\t\t<\/div><\/figure><figure class='gallery-item'>\n\t\t\t<div class='gallery-icon landscape'>\n\t\t\t\t<a href='https:\/\/www.elgrillitosuena.com\/inicio\/noticias\/uruapan\/de-cargador-en-el-tianguis-a-presidente-municipal\/attachment\/whatsapp-image-2021-05-04-at-09-11-47\/'><img width=\"300\" height=\"200\" src=\"https:\/\/www.elgrillitosuena.com\/inicio\/wp-content\/uploads\/2021\/05\/WhatsApp-Image-2021-05-04-at-09.11.47-300x200.jpeg\" class=\"attachment-medium size-medium\" alt=\"\" decoding=\"async\" loading=\"lazy\" srcset=\"https:\/\/www.elgrillitosuena.com\/inicio\/wp-content\/uploads\/2021\/05\/WhatsApp-Image-2021-05-04-at-09.11.47-300x200.jpeg 300w, https:\/\/www.elgrillitosuena.com\/inicio\/wp-content\/uploads\/2021\/05\/WhatsApp-Image-2021-05-04-at-09.11.47-1024x682.jpeg 1024w, https:\/\/www.elgrillitosuena.com\/inicio\/wp-content\/uploads\/2021\/05\/WhatsApp-Image-2021-05-04-at-09.11.47-768x511.jpeg 768w, https:\/\/www.elgrillitosuena.com\/inicio\/wp-content\/uploads\/2021\/05\/WhatsApp-Image-2021-05-04-at-09.11.47.jpeg 1280w\" sizes=\"(max-width: 300px) 100vw, 300px\" data-attachment-id=\"6299\" data-orig-file=\"https:\/\/www.elgrillitosuena.com\/inicio\/wp-content\/uploads\/2021\/05\/WhatsApp-Image-2021-05-04-at-09.11.47.jpeg\" data-orig-size=\"1280,852\" data-comments-opened=\"1\" data-image-meta=\"{&quot;aperture&quot;:&quot;0&quot;,&quot;credit&quot;:&quot;&quot;,&quot;camera&quot;:&quot;&quot;,&quot;caption&quot;:&quot;&quot;,&quot;created_timestamp&quot;:&quot;0&quot;,&quot;copyright&quot;:&quot;&quot;,&quot;focal_length&quot;:&quot;0&quot;,&quot;iso&quot;:&quot;0&quot;,&quot;shutter_speed&quot;:&quot;0&quot;,&quot;title&quot;:&quot;&quot;,&quot;orientation&quot;:&quot;0&quot;,&quot;keywords&quot;:&quot;Array&quot;}\" data-image-title=\"WhatsApp Image 2021-05-04 at 09.11.47\" data-image-description=\"\" data-medium-file=\"https:\/\/www.elgrillitosuena.com\/inicio\/wp-content\/uploads\/2021\/05\/WhatsApp-Image-2021-05-04-at-09.11.47-300x200.jpeg\" data-large-file=\"https:\/\/www.elgrillitosuena.com\/inicio\/wp-content\/uploads\/2021\/05\/WhatsApp-Image-2021-05-04-at-09.11.47-1024x682.jpeg\" \/><\/a>\n\t\t\t<\/div><\/figure><figure class='gallery-item'>\n\t\t\t<div class='gallery-icon landscape'>\n\t\t\t\t<a href='https:\/\/www.elgrillitosuena.com\/inicio\/noticias\/uruapan\/de-cargador-en-el-tianguis-a-presidente-municipal\/attachment\/whatsapp-image-2021-05-04-at-09-11-47-2\/'><img width=\"300\" height=\"200\" src=\"https:\/\/www.elgrillitosuena.com\/inicio\/wp-content\/uploads\/2021\/05\/WhatsApp-Image-2021-05-04-at-09.11.47-2-300x200.jpeg\" class=\"attachment-medium size-medium\" alt=\"\" decoding=\"async\" loading=\"lazy\" srcset=\"https:\/\/www.elgrillitosuena.com\/inicio\/wp-content\/uploads\/2021\/05\/WhatsApp-Image-2021-05-04-at-09.11.47-2-300x200.jpeg 300w, https:\/\/www.elgrillitosuena.com\/inicio\/wp-content\/uploads\/2021\/05\/WhatsApp-Image-2021-05-04-at-09.11.47-2-1024x682.jpeg 1024w, https:\/\/www.elgrillitosuena.com\/inicio\/wp-content\/uploads\/2021\/05\/WhatsApp-Image-2021-05-04-at-09.11.47-2-768x511.jpeg 768w, https:\/\/www.elgrillitosuena.com\/inicio\/wp-content\/uploads\/2021\/05\/WhatsApp-Image-2021-05-04-at-09.11.47-2.jpeg 1280w\" sizes=\"(max-width: 300px) 100vw, 300px\" data-attachment-id=\"6298\" data-orig-file=\"https:\/\/www.elgrillitosuena.com\/inicio\/wp-content\/uploads\/2021\/05\/WhatsApp-Image-2021-05-04-at-09.11.47-2.jpeg\" data-orig-size=\"1280,852\" data-comments-opened=\"1\" data-image-meta=\"{&quot;aperture&quot;:&quot;0&quot;,&quot;credit&quot;:&quot;&quot;,&quot;camera&quot;:&quot;&quot;,&quot;caption&quot;:&quot;&quot;,&quot;created_timestamp&quot;:&quot;0&quot;,&quot;copyright&quot;:&quot;&quot;,&quot;focal_length&quot;:&quot;0&quot;,&quot;iso&quot;:&quot;0&quot;,&quot;shutter_speed&quot;:&quot;0&quot;,&quot;title&quot;:&quot;&quot;,&quot;orientation&quot;:&quot;0&quot;,&quot;keywords&quot;:&quot;Array&quot;}\" data-image-title=\"WhatsApp Image 2021-05-04 at 09.11.47 (2)\" data-image-description=\"\" data-medium-file=\"https:\/\/www.elgrillitosuena.com\/inicio\/wp-content\/uploads\/2021\/05\/WhatsApp-Image-2021-05-04-at-09.11.47-2-300x200.jpeg\" data-large-file=\"https:\/\/www.elgrillitosuena.com\/inicio\/wp-content\/uploads\/2021\/05\/WhatsApp-Image-2021-05-04-at-09.11.47-2-1024x682.jpeg\" \/><\/a>\n\t\t\t<\/div><\/figure><figure class='gallery-item'>\n\t\t\t<div class='gallery-icon portrait'>\n\t\t\t\t<a href='https:\/\/www.elgrillitosuena.com\/inicio\/noticias\/uruapan\/de-cargador-en-el-tianguis-a-presidente-municipal\/attachment\/whatsapp-image-2021-05-04-at-09-11-46-1\/'><img width=\"200\" height=\"300\" src=\"https:\/\/www.elgrillitosuena.com\/inicio\/wp-content\/uploads\/2021\/05\/WhatsApp-Image-2021-05-04-at-09.11.46-1-200x300.jpeg\" class=\"attachment-medium size-medium\" alt=\"\" decoding=\"async\" loading=\"lazy\" srcset=\"https:\/\/www.elgrillitosuena.com\/inicio\/wp-content\/uploads\/2021\/05\/WhatsApp-Image-2021-05-04-at-09.11.46-1-200x300.jpeg 200w, https:\/\/www.elgrillitosuena.com\/inicio\/wp-content\/uploads\/2021\/05\/WhatsApp-Image-2021-05-04-at-09.11.46-1-682x1024.jpeg 682w, https:\/\/www.elgrillitosuena.com\/inicio\/wp-content\/uploads\/2021\/05\/WhatsApp-Image-2021-05-04-at-09.11.46-1-768x1154.jpeg 768w, https:\/\/www.elgrillitosuena.com\/inicio\/wp-content\/uploads\/2021\/05\/WhatsApp-Image-2021-05-04-at-09.11.46-1.jpeg 852w\" sizes=\"(max-width: 200px) 100vw, 200px\" data-attachment-id=\"6294\" data-orig-file=\"https:\/\/www.elgrillitosuena.com\/inicio\/wp-content\/uploads\/2021\/05\/WhatsApp-Image-2021-05-04-at-09.11.46-1.jpeg\" data-orig-size=\"852,1280\" data-comments-opened=\"1\" data-image-meta=\"{&quot;aperture&quot;:&quot;0&quot;,&quot;credit&quot;:&quot;&quot;,&quot;camera&quot;:&quot;&quot;,&quot;caption&quot;:&quot;&quot;,&quot;created_timestamp&quot;:&quot;0&quot;,&quot;copyright&quot;:&quot;&quot;,&quot;focal_length&quot;:&quot;0&quot;,&quot;iso&quot;:&quot;0&quot;,&quot;shutter_speed&quot;:&quot;0&quot;,&quot;title&quot;:&quot;&quot;,&quot;orientation&quot;:&quot;0&quot;,&quot;keywords&quot;:&quot;Array&quot;}\" data-image-title=\"WhatsApp Image 2021-05-04 at 09.11.46 (1)\" data-image-description=\"\" data-medium-file=\"https:\/\/www.elgrillitosuena.com\/inicio\/wp-content\/uploads\/2021\/05\/WhatsApp-Image-2021-05-04-at-09.11.46-1-200x300.jpeg\" data-large-file=\"https:\/\/www.elgrillitosuena.com\/inicio\/wp-content\/uploads\/2021\/05\/WhatsApp-Image-2021-05-04-at-09.11.46-1-682x1024.jpeg\" \/><\/a>\n\t\t\t<\/div><\/figure><figure class='gallery-item'>\n\t\t\t<div class='gallery-icon portrait'>\n\t\t\t\t<a href='https:\/\/www.elgrillitosuena.com\/inicio\/noticias\/uruapan\/de-cargador-en-el-tianguis-a-presidente-municipal\/attachment\/whatsapp-image-2021-05-04-at-09-11-46\/'><img width=\"200\" height=\"300\" src=\"https:\/\/www.elgrillitosuena.com\/inicio\/wp-content\/uploads\/2021\/05\/WhatsApp-Image-2021-05-04-at-09.11.46-200x300.jpeg\" class=\"attachment-medium size-medium\" alt=\"\" decoding=\"async\" loading=\"lazy\" srcset=\"https:\/\/www.elgrillitosuena.com\/inicio\/wp-content\/uploads\/2021\/05\/WhatsApp-Image-2021-05-04-at-09.11.46-200x300.jpeg 200w, https:\/\/www.elgrillitosuena.com\/inicio\/wp-content\/uploads\/2021\/05\/WhatsApp-Image-2021-05-04-at-09.11.46-682x1024.jpeg 682w, https:\/\/www.elgrillitosuena.com\/inicio\/wp-content\/uploads\/2021\/05\/WhatsApp-Image-2021-05-04-at-09.11.46-768x1154.jpeg 768w, https:\/\/www.elgrillitosuena.com\/inicio\/wp-content\/uploads\/2021\/05\/WhatsApp-Image-2021-05-04-at-09.11.46.jpeg 852w\" sizes=\"(max-width: 200px) 100vw, 200px\" data-attachment-id=\"6296\" data-orig-file=\"https:\/\/www.elgrillitosuena.com\/inicio\/wp-content\/uploads\/2021\/05\/WhatsApp-Image-2021-05-04-at-09.11.46.jpeg\" data-orig-size=\"852,1280\" data-comments-opened=\"1\" data-image-meta=\"{&quot;aperture&quot;:&quot;0&quot;,&quot;credit&quot;:&quot;&quot;,&quot;camera&quot;:&quot;&quot;,&quot;caption&quot;:&quot;&quot;,&quot;created_timestamp&quot;:&quot;0&quot;,&quot;copyright&quot;:&quot;&quot;,&quot;focal_length&quot;:&quot;0&quot;,&quot;iso&quot;:&quot;0&quot;,&quot;shutter_speed&quot;:&quot;0&quot;,&quot;title&quot;:&quot;&quot;,&quot;orientation&quot;:&quot;0&quot;,&quot;keywords&quot;:&quot;Array&quot;}\" data-image-title=\"WhatsApp Image 2021-05-04 at 09.11.46\" data-image-description=\"\" data-medium-file=\"https:\/\/www.elgrillitosuena.com\/inicio\/wp-content\/uploads\/2021\/05\/WhatsApp-Image-2021-05-04-at-09.11.46-200x300.jpeg\" data-large-file=\"https:\/\/www.elgrillitosuena.com\/inicio\/wp-content\/uploads\/2021\/05\/WhatsApp-Image-2021-05-04-at-09.11.46-682x1024.jpeg\" \/><\/a>\n\t\t\t<\/div><\/figure><figure class='gallery-item'>\n\t\t\t<div class='gallery-icon landscape'>\n\t\t\t\t<a href='https:\/\/www.elgrillitosuena.com\/inicio\/noticias\/uruapan\/de-cargador-en-el-tianguis-a-presidente-municipal\/attachment\/whatsapp-image-2021-05-04-at-09-11-47-1\/'><img width=\"300\" height=\"200\" src=\"https:\/\/www.elgrillitosuena.com\/inicio\/wp-content\/uploads\/2021\/05\/WhatsApp-Image-2021-05-04-at-09.11.47-1-300x200.jpeg\" class=\"attachment-medium size-medium\" alt=\"\" decoding=\"async\" loading=\"lazy\" srcset=\"https:\/\/www.elgrillitosuena.com\/inicio\/wp-content\/uploads\/2021\/05\/WhatsApp-Image-2021-05-04-at-09.11.47-1-300x200.jpeg 300w, https:\/\/www.elgrillitosuena.com\/inicio\/wp-content\/uploads\/2021\/05\/WhatsApp-Image-2021-05-04-at-09.11.47-1-1024x682.jpeg 1024w, https:\/\/www.elgrillitosuena.com\/inicio\/wp-content\/uploads\/2021\/05\/WhatsApp-Image-2021-05-04-at-09.11.47-1-768x511.jpeg 768w, https:\/\/www.elgrillitosuena.com\/inicio\/wp-content\/uploads\/2021\/05\/WhatsApp-Image-2021-05-04-at-09.11.47-1.jpeg 1280w\" sizes=\"(max-width: 300px) 100vw, 300px\" data-attachment-id=\"6297\" data-orig-file=\"https:\/\/www.elgrillitosuena.com\/inicio\/wp-content\/uploads\/2021\/05\/WhatsApp-Image-2021-05-04-at-09.11.47-1.jpeg\" data-orig-size=\"1280,852\" data-comments-opened=\"1\" data-image-meta=\"{&quot;aperture&quot;:&quot;0&quot;,&quot;credit&quot;:&quot;&quot;,&quot;camera&quot;:&quot;&quot;,&quot;caption&quot;:&quot;&quot;,&quot;created_timestamp&quot;:&quot;0&quot;,&quot;copyright&quot;:&quot;&quot;,&quot;focal_length&quot;:&quot;0&quot;,&quot;iso&quot;:&quot;0&quot;,&quot;shutter_speed&quot;:&quot;0&quot;,&quot;title&quot;:&quot;&quot;,&quot;orientation&quot;:&quot;0&quot;,&quot;keywords&quot;:&quot;Array&quot;}\" data-image-title=\"WhatsApp Image 2021-05-04 at 09.11.47 (1)\" data-image-description=\"\" data-medium-file=\"https:\/\/www.elgrillitosuena.com\/inicio\/wp-content\/uploads\/2021\/05\/WhatsApp-Image-2021-05-04-at-09.11.47-1-300x200.jpeg\" data-large-file=\"https:\/\/www.elgrillitosuena.com\/inicio\/wp-content\/uploads\/2021\/05\/WhatsApp-Image-2021-05-04-at-09.11.47-1-1024x682.jpeg\" \/><\/a>\n\t\t\t<\/div><\/figure>\n\t\t<\/div>\n\n","protected":false},"excerpt":{"rendered":"<p>Uruapan, Mich;.-Fiel a su filosof\u00eda de entender a los uruapenses escuch\u00e1ndolos de cerca, desde las 6 de la ma\u00f1ana el candidato del Equipo por Uruapan a la alcald\u00eda,\u00a0 visit\u00f3 el popular Tianguis de La Mora, conociendo por experiencia propia la ardua labor del d\u00eda a d\u00eda. \u201cNo es suficiente escuchar \u00fanicamente a los sectores, quienes &hellip;<\/p>\n","protected":false},"author":11,"featured_media":6303,"comment_status":"open","ping_status":"closed","sticky":false,"template":"","format":"standard","meta":[],"categories":[51,37],"tags":[655,56,654,63],"_links":{"self":[{"href":"https:\/\/www.elgrillitosuena.com\/inicio\/wp-json\/wp\/v2\/posts\/6293"}],"collection":[{"href":"https:\/\/www.elgrillitosuena.com\/inicio\/wp-json\/wp\/v2\/posts"}],"about":[{"href":"https:\/\/www.elgrillitosuena.com\/inicio\/wp-json\/wp\/v2\/types\/post"}],"author":[{"embeddable":true,"href":"https:\/\/www.elgrillitosuena.com\/inicio\/wp-json\/wp\/v2\/users\/11"}],"replies":[{"embeddable":true,"href":"https:\/\/www.elgrillitosuena.com\/inicio\/wp-json\/wp\/v2\/comments?post=6293"}],"version-history":[{"count":4,"href":"https:\/\/www.elgrillitosuena.com\/inicio\/wp-json\/wp\/v2\/posts\/6293\/revisions"}],"predecessor-version":[{"id":6346,"href":"https:\/\/www.elgrillitosuena.com\/inicio\/wp-json\/wp\/v2\/posts\/6293\/revisions\/6346"}],"wp:featuredmedia":[{"embeddable":true,"href":"https:\/\/www.elgrillitosuena.com\/inicio\/wp-json\/wp\/v2\/media\/6303"}],"wp:attachment":[{"href":"https:\/\/www.elgrillitosuena.com\/inicio\/wp-json\/wp\/v2\/media?parent=6293"}],"wp:term":[{"taxonomy":"category","embeddable":true,"href":"https:\/\/www.elgrillitosuena.com\/inicio\/wp-json\/wp\/v2\/categories?post=6293"},{"taxonomy":"post_tag","embeddable":true,"href":"https:\/\/www.elgrillitosuena.com\/inicio\/wp-json\/wp\/v2\/tags?post=6293"}],"curies":[{"name":"wp","href":"https:\/\/api.w.org\/{rel}","templated":true}]}}