{"id":6174,"date":"2021-04-29T16:27:11","date_gmt":"2021-04-29T16:27:11","guid":{"rendered":"https:\/\/www.elgrillitosuena.com\/inicio\/?p=6174"},"modified":"2021-04-29T16:33:32","modified_gmt":"2021-04-29T16:33:32","slug":"desarrollo-integral-de-la-ninez-uruapense-compromete-miguel-paredes","status":"publish","type":"post","link":"https:\/\/www.elgrillitosuena.com\/inicio\/noticias\/uruapan\/desarrollo-integral-de-la-ninez-uruapense-compromete-miguel-paredes\/","title":{"rendered":"Desarrollo integral de la ni\u00f1ez uruapense, compromete Miguel Paredes"},"content":{"rendered":"<p><img decoding=\"async\" loading=\"lazy\" class=\"alignnone wp-image-6155\" src=\"https:\/\/www.elgrillitosuena.com\/inicio\/wp-content\/uploads\/2021\/04\/WhatsApp-Image-2021-04-29-at-10.50.12-AM-300x200.jpeg\" alt=\"\" width=\"557\" height=\"371\" srcset=\"https:\/\/www.elgrillitosuena.com\/inicio\/wp-content\/uploads\/2021\/04\/WhatsApp-Image-2021-04-29-at-10.50.12-AM-300x200.jpeg 300w, https:\/\/www.elgrillitosuena.com\/inicio\/wp-content\/uploads\/2021\/04\/WhatsApp-Image-2021-04-29-at-10.50.12-AM-1024x682.jpeg 1024w, https:\/\/www.elgrillitosuena.com\/inicio\/wp-content\/uploads\/2021\/04\/WhatsApp-Image-2021-04-29-at-10.50.12-AM-768x512.jpeg 768w, https:\/\/www.elgrillitosuena.com\/inicio\/wp-content\/uploads\/2021\/04\/WhatsApp-Image-2021-04-29-at-10.50.12-AM-310x205.jpeg 310w, https:\/\/www.elgrillitosuena.com\/inicio\/wp-content\/uploads\/2021\/04\/WhatsApp-Image-2021-04-29-at-10.50.12-AM.jpeg 1280w\" sizes=\"(max-width: 557px) 100vw, 557px\" \/><\/p>\n<p>Ante ni\u00f1as y ni\u00f1os de la colonia L\u00e1zaro C\u00e1rdenas que dieron un gran recibimiento a Miguel \u00c1ngel Paredes Melgoza, candidato a la alcald\u00eda del Equipo por Uruapan, este se comprometi\u00f3 a impulsar el desarrollo integral de la ni\u00f1ez uruapense con acciones puntuales.<br \/>\nReunidos en la calle Santos Degollado de la colonia mencionada, las ni\u00f1as y ni\u00f1os dieron una grata bienvenida a Miguel Paredes con emotivos mensajes en pancartas, porras y alegr\u00eda.<br \/>\nMam\u00e1s y pap\u00e1s de los peque\u00f1os expresaron la necesidad de fortalecer el desarrollo de la ni\u00f1ez, con acciones puntuales que impulsen su progreso integral y contando con espacios p\u00fablicos adecuados para ello.<\/p>\n<p><img decoding=\"async\" loading=\"lazy\" class=\"alignnone wp-image-6156\" src=\"https:\/\/www.elgrillitosuena.com\/inicio\/wp-content\/uploads\/2021\/04\/WhatsApp-Image-2021-04-29-at-10.50.13-AM-1-300x200.jpeg\" alt=\"\" width=\"542\" height=\"361\" srcset=\"https:\/\/www.elgrillitosuena.com\/inicio\/wp-content\/uploads\/2021\/04\/WhatsApp-Image-2021-04-29-at-10.50.13-AM-1-300x200.jpeg 300w, https:\/\/www.elgrillitosuena.com\/inicio\/wp-content\/uploads\/2021\/04\/WhatsApp-Image-2021-04-29-at-10.50.13-AM-1-1024x682.jpeg 1024w, https:\/\/www.elgrillitosuena.com\/inicio\/wp-content\/uploads\/2021\/04\/WhatsApp-Image-2021-04-29-at-10.50.13-AM-1-768x512.jpeg 768w, https:\/\/www.elgrillitosuena.com\/inicio\/wp-content\/uploads\/2021\/04\/WhatsApp-Image-2021-04-29-at-10.50.13-AM-1-310x205.jpeg 310w, https:\/\/www.elgrillitosuena.com\/inicio\/wp-content\/uploads\/2021\/04\/WhatsApp-Image-2021-04-29-at-10.50.13-AM-1.jpeg 1280w\" sizes=\"(max-width: 542px) 100vw, 542px\" \/><br \/>\nMiguel Paredes expres\u00f3 su alegr\u00eda por cerrar de esta manera una jornada productiva, con ni\u00f1as y ni\u00f1os que sin el eje central del proyecto que hoy encabeza para que cuenten con condiciones \u00f3ptimas para su desarrollo.<br \/>\nComo padre, asever\u00f3, el compromiso es propiciar el mejor escenario para las actuales y futuras generaciones, plasm\u00e1ndolo con las manos de las peque\u00f1as y peque\u00f1os impresos en tinta.<\/p>\n<p><img decoding=\"async\" loading=\"lazy\" class=\"alignnone wp-image-6157\" src=\"https:\/\/www.elgrillitosuena.com\/inicio\/wp-content\/uploads\/2021\/04\/WhatsApp-Image-2021-04-29-at-10.50.13-AM-300x200.jpeg\" alt=\"\" width=\"536\" height=\"357\" srcset=\"https:\/\/www.elgrillitosuena.com\/inicio\/wp-content\/uploads\/2021\/04\/WhatsApp-Image-2021-04-29-at-10.50.13-AM-300x200.jpeg 300w, https:\/\/www.elgrillitosuena.com\/inicio\/wp-content\/uploads\/2021\/04\/WhatsApp-Image-2021-04-29-at-10.50.13-AM-1024x682.jpeg 1024w, https:\/\/www.elgrillitosuena.com\/inicio\/wp-content\/uploads\/2021\/04\/WhatsApp-Image-2021-04-29-at-10.50.13-AM-768x512.jpeg 768w, https:\/\/www.elgrillitosuena.com\/inicio\/wp-content\/uploads\/2021\/04\/WhatsApp-Image-2021-04-29-at-10.50.13-AM-310x205.jpeg 310w, https:\/\/www.elgrillitosuena.com\/inicio\/wp-content\/uploads\/2021\/04\/WhatsApp-Image-2021-04-29-at-10.50.13-AM.jpeg 1280w\" sizes=\"(max-width: 536px) 100vw, 536px\" \/><\/p>\n","protected":false},"excerpt":{"rendered":"<p>Ante ni\u00f1as y ni\u00f1os de la colonia L\u00e1zaro C\u00e1rdenas que dieron un gran recibimiento a Miguel \u00c1ngel Paredes Melgoza, candidato a la alcald\u00eda del Equipo por Uruapan, este se comprometi\u00f3 a impulsar el desarrollo integral de la ni\u00f1ez uruapense con acciones puntuales. Reunidos en la calle Santos Degollado de la colonia mencionada, las ni\u00f1as y &hellip;<\/p>\n","protected":false},"author":6,"featured_media":6155,"comment_status":"open","ping_status":"closed","sticky":false,"template":"","format":"standard","meta":[],"categories":[37],"tags":[655,159,164,654,653,63],"_links":{"self":[{"href":"https:\/\/www.elgrillitosuena.com\/inicio\/wp-json\/wp\/v2\/posts\/6174"}],"collection":[{"href":"https:\/\/www.elgrillitosuena.com\/inicio\/wp-json\/wp\/v2\/posts"}],"about":[{"href":"https:\/\/www.elgrillitosuena.com\/inicio\/wp-json\/wp\/v2\/types\/post"}],"author":[{"embeddable":true,"href":"https:\/\/www.elgrillitosuena.com\/inicio\/wp-json\/wp\/v2\/users\/6"}],"replies":[{"embeddable":true,"href":"https:\/\/www.elgrillitosuena.com\/inicio\/wp-json\/wp\/v2\/comments?post=6174"}],"version-history":[{"count":1,"href":"https:\/\/www.elgrillitosuena.com\/inicio\/wp-json\/wp\/v2\/posts\/6174\/revisions"}],"predecessor-version":[{"id":6175,"href":"https:\/\/www.elgrillitosuena.com\/inicio\/wp-json\/wp\/v2\/posts\/6174\/revisions\/6175"}],"wp:featuredmedia":[{"embeddable":true,"href":"https:\/\/www.elgrillitosuena.com\/inicio\/wp-json\/wp\/v2\/media\/6155"}],"wp:attachment":[{"href":"https:\/\/www.elgrillitosuena.com\/inicio\/wp-json\/wp\/v2\/media?parent=6174"}],"wp:term":[{"taxonomy":"category","embeddable":true,"href":"https:\/\/www.elgrillitosuena.com\/inicio\/wp-json\/wp\/v2\/categories?post=6174"},{"taxonomy":"post_tag","embeddable":true,"href":"https:\/\/www.elgrillitosuena.com\/inicio\/wp-json\/wp\/v2\/tags?post=6174"}],"curies":[{"name":"wp","href":"https:\/\/api.w.org\/{rel}","templated":true}]}}