{"id":6075,"date":"2021-04-27T12:55:46","date_gmt":"2021-04-27T12:55:46","guid":{"rendered":"https:\/\/www.elgrillitosuena.com\/inicio\/?p=6075"},"modified":"2021-04-27T12:55:46","modified_gmt":"2021-04-27T12:55:46","slug":"decretan-contingencia-ambiental-en-michoacan","status":"publish","type":"post","link":"https:\/\/www.elgrillitosuena.com\/inicio\/noticias\/michoacan\/decretan-contingencia-ambiental-en-michoacan\/","title":{"rendered":"Decretan contingencia ambiental en Michoac\u00e1n"},"content":{"rendered":"<p><img decoding=\"async\" loading=\"lazy\" class=\"alignnone  wp-image-6076\" src=\"https:\/\/www.elgrillitosuena.com\/inicio\/wp-content\/uploads\/2021\/04\/Silvano-Aureoles-decreto-ambiental-300x200.jpeg\" alt=\"\" width=\"692\" height=\"461\" srcset=\"https:\/\/www.elgrillitosuena.com\/inicio\/wp-content\/uploads\/2021\/04\/Silvano-Aureoles-decreto-ambiental-300x200.jpeg 300w, https:\/\/www.elgrillitosuena.com\/inicio\/wp-content\/uploads\/2021\/04\/Silvano-Aureoles-decreto-ambiental.jpeg 700w\" sizes=\"(max-width: 692px) 100vw, 692px\" \/><\/p>\n<p>Uruapan, Mich.-Debido al da\u00f1o ambiental que han generado los incendios en Michoac\u00e1n y que hoy lo tienen como el tercer estado con m\u00e1s quemas forestales en el pa\u00eds y como el octavo con m\u00e1s superficie afectada, el gobernador Silvano Aureoles Conejo decret\u00f3 hoy una contingencia ambiental en todo el territorio estatal, que proh\u00edbe todo tipo de quemas a cielo abierto, tanto en espacios rurales como urbanos.<\/p>\n<p>El mandatario detall\u00f3 que durante esta temporada de sequ\u00eda se han registrado 400 incendios en todo el estado, 8 de los cuales han sido de alto impacto en los municipios de Hidalgo, Erongar\u00edcuaro, Los Reyes, Pur\u00e9pero, Tanganc\u00edcuaro, Huetamo y Morelia.<\/p>\n<p>Precis\u00f3 que a nivel nacional este a\u00f1o se incrementaron 92 por ciento los incendios en comparaci\u00f3n con 2020, y en Michoac\u00e1n el aumento ha sido de 52 por ciento, lo que ha afectado 80 por ciento m\u00e1s de superficie.<\/p>\n<p>Por lo anterior, Aureoles Conejo anunci\u00f3 que este lunes firm\u00f3 el decreto de contingencia ambiental en Michoac\u00e1n, a trav\u00e9s del cual se proh\u00edbe el uso del fuego, en apego a la Ley para la Conservaci\u00f3n y Sustentabilidad Ambiental del Estado.<\/p>\n","protected":false},"excerpt":{"rendered":"<p>Uruapan, Mich.-Debido al da\u00f1o ambiental que han generado los incendios en Michoac\u00e1n y que hoy lo tienen como el tercer estado con m\u00e1s quemas forestales en el pa\u00eds y como el octavo con m\u00e1s superficie afectada, el gobernador Silvano Aureoles Conejo decret\u00f3 hoy una contingencia ambiental en todo el territorio estatal, que proh\u00edbe todo tipo &hellip;<\/p>\n","protected":false},"author":2,"featured_media":6076,"comment_status":"open","ping_status":"closed","sticky":false,"template":"","format":"standard","meta":[],"categories":[38],"tags":[1607,1584,1608],"_links":{"self":[{"href":"https:\/\/www.elgrillitosuena.com\/inicio\/wp-json\/wp\/v2\/posts\/6075"}],"collection":[{"href":"https:\/\/www.elgrillitosuena.com\/inicio\/wp-json\/wp\/v2\/posts"}],"about":[{"href":"https:\/\/www.elgrillitosuena.com\/inicio\/wp-json\/wp\/v2\/types\/post"}],"author":[{"embeddable":true,"href":"https:\/\/www.elgrillitosuena.com\/inicio\/wp-json\/wp\/v2\/users\/2"}],"replies":[{"embeddable":true,"href":"https:\/\/www.elgrillitosuena.com\/inicio\/wp-json\/wp\/v2\/comments?post=6075"}],"version-history":[{"count":1,"href":"https:\/\/www.elgrillitosuena.com\/inicio\/wp-json\/wp\/v2\/posts\/6075\/revisions"}],"predecessor-version":[{"id":6077,"href":"https:\/\/www.elgrillitosuena.com\/inicio\/wp-json\/wp\/v2\/posts\/6075\/revisions\/6077"}],"wp:featuredmedia":[{"embeddable":true,"href":"https:\/\/www.elgrillitosuena.com\/inicio\/wp-json\/wp\/v2\/media\/6076"}],"wp:attachment":[{"href":"https:\/\/www.elgrillitosuena.com\/inicio\/wp-json\/wp\/v2\/media?parent=6075"}],"wp:term":[{"taxonomy":"category","embeddable":true,"href":"https:\/\/www.elgrillitosuena.com\/inicio\/wp-json\/wp\/v2\/categories?post=6075"},{"taxonomy":"post_tag","embeddable":true,"href":"https:\/\/www.elgrillitosuena.com\/inicio\/wp-json\/wp\/v2\/tags?post=6075"}],"curies":[{"name":"wp","href":"https:\/\/api.w.org\/{rel}","templated":true}]}}