{"id":5834,"date":"2021-04-19T16:35:27","date_gmt":"2021-04-19T16:35:27","guid":{"rendered":"https:\/\/www.elgrillitosuena.com\/inicio\/?p=5834"},"modified":"2021-04-19T16:35:27","modified_gmt":"2021-04-19T16:35:27","slug":"mas-equipos-y-mas-dias-de-partidos-en-la-nueva-champions","status":"publish","type":"post","link":"https:\/\/www.elgrillitosuena.com\/inicio\/noticias\/deportes\/mas-equipos-y-mas-dias-de-partidos-en-la-nueva-champions\/","title":{"rendered":"M\u00e1s equipos y m\u00e1s d\u00edas de partidos en la nueva Champions"},"content":{"rendered":"<p><img decoding=\"async\" src=\"https:\/\/cdn2.excelsior.com.mx\/media\/styles\/grande\/public\/pictures\/2021\/04\/19\/2564776.jpg\" alt=\"La Liga de Campeones de Europa estrenar\u00e1 formato en 2024. (AP)\" \/><\/p>\n<p>La\u00a0<strong>UEFA anunci\u00f3 este lunes haber aprobado la reforma de su Liga de Campeones<\/strong>\u00a0para la etapa que debe comenzar en 2024, con el paso de 32 a 36 clubes participantes, unas horas despu\u00e9s del anuncio de doce grandes clubes sobre la creaci\u00f3n de un futura competici\u00f3n privada, la Superliga europea.<\/p>\n<blockquote><p>El Comit\u00e9 Ejecutivo (de la UEFA) aprob\u00f3 el formato&#8221; de la futura Champions, que tendr\u00e1 un mini-campeonato en lugar de la fase de grupos, anunci\u00f3 el secretario general adjunto, Giorgio Marchetti, en una conferencia de prensa tras la reuni\u00f3n de la organizaci\u00f3n en Montreux (Suiza).<\/p><\/blockquote>\n<p>Con la reforma de la Champions, l<strong>a UEFA se hab\u00eda propuesto frenar un proyecto de Superliga competidora,\u00a0<\/strong>como finalmente se ha planteado, desatando una previsible guerra en los despachos del f\u00fatbol del continente.<\/p>\n<p>El presidente de la UEFA,\u00a0<strong>Aleksandar Ceferin, carg\u00f3 duramente contra esa Superliga<\/strong>, reafirmando que los jugadores de los clubes de ese torneo competidor no podr\u00e1n participar con sus selecciones nacionales en competiciones internacionales.<\/p>\n<p><strong>Ceferin subray\u00f3 las virtudes de la reforma de la Champions<\/strong>, que a su juicio &#8220;preserva la importancia de las competiciones dom\u00e9sticas&#8221;.<\/p>\n<p>Giorgio Marchetti precis\u00f3 los detalles de la reforma, confirmando que habr\u00e1 un boleto suplementario para la quinta naci\u00f3n con mejores resultados deportivos, que ser\u00eda Francia, que hasta 2024 se ve limitada a tres participantes.<\/p>\n<p>Con informaci\u00f3n de Excelsior<\/p>\n","protected":false},"excerpt":{"rendered":"<p>La\u00a0UEFA anunci\u00f3 este lunes haber aprobado la reforma de su Liga de Campeones\u00a0para la etapa que debe comenzar en 2024, con el paso de 32 a 36 clubes participantes, unas horas despu\u00e9s del anuncio de doce grandes clubes sobre la creaci\u00f3n de un futura competici\u00f3n privada, la Superliga europea. El Comit\u00e9 Ejecutivo (de la UEFA) &hellip;<\/p>\n","protected":false},"author":6,"featured_media":5835,"comment_status":"open","ping_status":"closed","sticky":false,"template":"","format":"standard","meta":[],"categories":[45],"tags":[1555,1556],"_links":{"self":[{"href":"https:\/\/www.elgrillitosuena.com\/inicio\/wp-json\/wp\/v2\/posts\/5834"}],"collection":[{"href":"https:\/\/www.elgrillitosuena.com\/inicio\/wp-json\/wp\/v2\/posts"}],"about":[{"href":"https:\/\/www.elgrillitosuena.com\/inicio\/wp-json\/wp\/v2\/types\/post"}],"author":[{"embeddable":true,"href":"https:\/\/www.elgrillitosuena.com\/inicio\/wp-json\/wp\/v2\/users\/6"}],"replies":[{"embeddable":true,"href":"https:\/\/www.elgrillitosuena.com\/inicio\/wp-json\/wp\/v2\/comments?post=5834"}],"version-history":[{"count":1,"href":"https:\/\/www.elgrillitosuena.com\/inicio\/wp-json\/wp\/v2\/posts\/5834\/revisions"}],"predecessor-version":[{"id":5836,"href":"https:\/\/www.elgrillitosuena.com\/inicio\/wp-json\/wp\/v2\/posts\/5834\/revisions\/5836"}],"wp:featuredmedia":[{"embeddable":true,"href":"https:\/\/www.elgrillitosuena.com\/inicio\/wp-json\/wp\/v2\/media\/5835"}],"wp:attachment":[{"href":"https:\/\/www.elgrillitosuena.com\/inicio\/wp-json\/wp\/v2\/media?parent=5834"}],"wp:term":[{"taxonomy":"category","embeddable":true,"href":"https:\/\/www.elgrillitosuena.com\/inicio\/wp-json\/wp\/v2\/categories?post=5834"},{"taxonomy":"post_tag","embeddable":true,"href":"https:\/\/www.elgrillitosuena.com\/inicio\/wp-json\/wp\/v2\/tags?post=5834"}],"curies":[{"name":"wp","href":"https:\/\/api.w.org\/{rel}","templated":true}]}}