{"id":5754,"date":"2021-04-15T17:19:37","date_gmt":"2021-04-15T17:19:37","guid":{"rendered":"https:\/\/www.elgrillitosuena.com\/inicio\/?p=5754"},"modified":"2021-04-15T17:19:37","modified_gmt":"2021-04-15T17:19:37","slug":"redes-sociales-progresistas-ya-tiene-candidato-a-gobernador","status":"publish","type":"post","link":"https:\/\/www.elgrillitosuena.com\/inicio\/noticias\/michoacan\/redes-sociales-progresistas-ya-tiene-candidato-a-gobernador\/","title":{"rendered":"Redes Sociales Progresistas ya tiene candidato a gobernador"},"content":{"rendered":"<p><img decoding=\"async\" src=\"https:\/\/www.elsoldemorelia.com.mx\/local\/992bcf-abraham-sanchez\/alternates\/LANDSCAPE_640\/Abraham%20S%C3%A1nchez\" \/><\/p>\n<p>El Instituto Electoral de Michoac\u00e1n aval\u00f3 finalmente y por unanimidad el registr\u00f3 de candidato a gobernador para Alberto Abraham S\u00e1nchez.<\/p>\n<p>Esto, luego de que apenas hace unos d\u00edas los dirigentes de su partido anunciara que no tendr\u00edan problema si se la jugaban sin candidato y que se avocar\u00edan m\u00e1s a las de diputados y alcaldes.<\/p>\n<p>Finalmente el\u00a0 INE envi\u00f3 un oficio al Instituto Electoral de Michoac\u00e1n\u00a0 para que regresara los derechos politicos al candidato.<\/p>\n","protected":false},"excerpt":{"rendered":"<p>El Instituto Electoral de Michoac\u00e1n aval\u00f3 finalmente y por unanimidad el registr\u00f3 de candidato a gobernador para Alberto Abraham S\u00e1nchez. Esto, luego de que apenas hace unos d\u00edas los dirigentes de su partido anunciara que no tendr\u00edan problema si se la jugaban sin candidato y que se avocar\u00edan m\u00e1s a las de diputados y alcaldes. &hellip;<\/p>\n","protected":false},"author":6,"featured_media":5756,"comment_status":"open","ping_status":"closed","sticky":false,"template":"","format":"standard","meta":[],"categories":[38],"tags":[1534,655,932,56],"_links":{"self":[{"href":"https:\/\/www.elgrillitosuena.com\/inicio\/wp-json\/wp\/v2\/posts\/5754"}],"collection":[{"href":"https:\/\/www.elgrillitosuena.com\/inicio\/wp-json\/wp\/v2\/posts"}],"about":[{"href":"https:\/\/www.elgrillitosuena.com\/inicio\/wp-json\/wp\/v2\/types\/post"}],"author":[{"embeddable":true,"href":"https:\/\/www.elgrillitosuena.com\/inicio\/wp-json\/wp\/v2\/users\/6"}],"replies":[{"embeddable":true,"href":"https:\/\/www.elgrillitosuena.com\/inicio\/wp-json\/wp\/v2\/comments?post=5754"}],"version-history":[{"count":1,"href":"https:\/\/www.elgrillitosuena.com\/inicio\/wp-json\/wp\/v2\/posts\/5754\/revisions"}],"predecessor-version":[{"id":5757,"href":"https:\/\/www.elgrillitosuena.com\/inicio\/wp-json\/wp\/v2\/posts\/5754\/revisions\/5757"}],"wp:featuredmedia":[{"embeddable":true,"href":"https:\/\/www.elgrillitosuena.com\/inicio\/wp-json\/wp\/v2\/media\/5756"}],"wp:attachment":[{"href":"https:\/\/www.elgrillitosuena.com\/inicio\/wp-json\/wp\/v2\/media?parent=5754"}],"wp:term":[{"taxonomy":"category","embeddable":true,"href":"https:\/\/www.elgrillitosuena.com\/inicio\/wp-json\/wp\/v2\/categories?post=5754"},{"taxonomy":"post_tag","embeddable":true,"href":"https:\/\/www.elgrillitosuena.com\/inicio\/wp-json\/wp\/v2\/tags?post=5754"}],"curies":[{"name":"wp","href":"https:\/\/api.w.org\/{rel}","templated":true}]}}