{"id":5698,"date":"2021-04-14T15:00:31","date_gmt":"2021-04-14T15:00:31","guid":{"rendered":"https:\/\/www.elgrillitosuena.com\/inicio\/?p=5698"},"modified":"2021-04-14T15:55:52","modified_gmt":"2021-04-14T15:55:52","slug":"cancelacion-de-candidatura-de-raul-moron-es-un-atentado-a-la-democracia-amlo","status":"publish","type":"post","link":"https:\/\/www.elgrillitosuena.com\/inicio\/noticias\/mexico\/cancelacion-de-candidatura-de-raul-moron-es-un-atentado-a-la-democracia-amlo\/","title":{"rendered":"Cancelaci\u00f3n de candidatura de Ra\u00fal Mor\u00f3n \u201ces un atentado a la democracia\u201d: AMLO"},"content":{"rendered":"<p><img decoding=\"async\" loading=\"lazy\" class=\"alignnone wp-image-5699\" src=\"https:\/\/www.elgrillitosuena.com\/inicio\/wp-content\/uploads\/2021\/04\/image_large-1-300x200.jpeg\" alt=\"\" width=\"797\" height=\"531\" srcset=\"https:\/\/www.elgrillitosuena.com\/inicio\/wp-content\/uploads\/2021\/04\/image_large-1-300x200.jpeg 300w, https:\/\/www.elgrillitosuena.com\/inicio\/wp-content\/uploads\/2021\/04\/image_large-1-768x512.jpeg 768w, https:\/\/www.elgrillitosuena.com\/inicio\/wp-content\/uploads\/2021\/04\/image_large-1.jpeg 1024w\" sizes=\"(max-width: 797px) 100vw, 797px\" \/><\/p>\n<p>El presidente Andr\u00e9s Manuel L\u00f3pez Obrador (AMLO) se\u00f1al\u00f3 que fue un \u201catentado contra la democracia\u201d que el Instituto Nacional Electoral (INE) haya ratificado la cancelaci\u00f3n de la candidatura de Ra\u00fal Mor\u00f3n Orozco y de F\u00e9lix Salgado Macedonio, porque no se le permiti\u00f3 decidir al pueblo.<\/p>\n<p>\u201cSi vamos al fondo, que es lo que importa, en la democracia manda el pueblo [\u2026] no los aparatos, las estructuras, el pueblo es el que decide en la democracia, es el que manda, se establece incluso en el art\u00edculo 39 de la Constituci\u00f3n, el pueblo tiene derecho hasta cambiar las formas del Gobierno, el pueblo es soberano, entonces \u00bfpor qu\u00e9 impedir que el pueblo sea el que decida?\u201d, coment\u00f3 el presidente de M\u00e9xico.<\/p>\n<p><img decoding=\"async\" loading=\"lazy\" class=\"alignnone wp-image-5706\" src=\"https:\/\/www.elgrillitosuena.com\/inicio\/wp-content\/uploads\/2021\/04\/mario-delgado-felix-salgado-raul_0_18_1024_638-300x187.jpg\" alt=\"\" width=\"793\" height=\"494\" srcset=\"https:\/\/www.elgrillitosuena.com\/inicio\/wp-content\/uploads\/2021\/04\/mario-delgado-felix-salgado-raul_0_18_1024_638-300x187.jpg 300w, https:\/\/www.elgrillitosuena.com\/inicio\/wp-content\/uploads\/2021\/04\/mario-delgado-felix-salgado-raul_0_18_1024_638-768x478.jpg 768w, https:\/\/www.elgrillitosuena.com\/inicio\/wp-content\/uploads\/2021\/04\/mario-delgado-felix-salgado-raul_0_18_1024_638.jpg 958w\" sizes=\"(max-width: 793px) 100vw, 793px\" \/><\/p>\n<p>Durante su conferencia ma\u00f1anera de este mi\u00e9rcoles en Palacio Nacional, L\u00f3pez Obrador insisti\u00f3 en que es un \u201cgolpe a la democracia\u201d no permitir a la ciudadan\u00eda tomar las decisiones sobre sus gobernantes.<\/p>\n<p>\u201c\u00bfPor qu\u00e9 no se le deja al pueblo de Michoac\u00e1n, al pueblo de Guerrero, que decida?, si son malos ciudadanos \u00bfqu\u00e9 no puede el pueblo calificarlos, reprobarlos o elegirlos? Porque estar\u00edamos ante un hecho in\u00e9dito, nunca se ha llevado a cabo una cosa as\u00ed, si estamos dando los primeros pasos para una aut\u00e9ntica democracia y \u00bfvamos a golpear as\u00ed la democracia? No es exagerado lo que dije, es un atentado a la democracia\u201d, afirm\u00f3.<\/p>\n<p>El jefe del Ejecutivo tambi\u00e9n insisti\u00f3 en que el INE s\u00f3lo debi\u00f3 imponer una sanci\u00f3n a Salgado Macedonio y a Mor\u00f3n Orozco, en lugar de quitarles sus candidaturas a la gubernatura de Guerrero y Michoac\u00e1n, respectivamente.<\/p>\n","protected":false},"excerpt":{"rendered":"<p>El presidente Andr\u00e9s Manuel L\u00f3pez Obrador (AMLO) se\u00f1al\u00f3 que fue un \u201catentado contra la democracia\u201d que el Instituto Nacional Electoral (INE) haya ratificado la cancelaci\u00f3n de la candidatura de Ra\u00fal Mor\u00f3n Orozco y de F\u00e9lix Salgado Macedonio, porque no se le permiti\u00f3 decidir al pueblo. \u201cSi vamos al fondo, que es lo que importa, en &hellip;<\/p>\n","protected":false},"author":3,"featured_media":5699,"comment_status":"open","ping_status":"closed","sticky":false,"template":"","format":"standard","meta":[],"categories":[39],"tags":[98,1457,655,957],"_links":{"self":[{"href":"https:\/\/www.elgrillitosuena.com\/inicio\/wp-json\/wp\/v2\/posts\/5698"}],"collection":[{"href":"https:\/\/www.elgrillitosuena.com\/inicio\/wp-json\/wp\/v2\/posts"}],"about":[{"href":"https:\/\/www.elgrillitosuena.com\/inicio\/wp-json\/wp\/v2\/types\/post"}],"author":[{"embeddable":true,"href":"https:\/\/www.elgrillitosuena.com\/inicio\/wp-json\/wp\/v2\/users\/3"}],"replies":[{"embeddable":true,"href":"https:\/\/www.elgrillitosuena.com\/inicio\/wp-json\/wp\/v2\/comments?post=5698"}],"version-history":[{"count":3,"href":"https:\/\/www.elgrillitosuena.com\/inicio\/wp-json\/wp\/v2\/posts\/5698\/revisions"}],"predecessor-version":[{"id":5707,"href":"https:\/\/www.elgrillitosuena.com\/inicio\/wp-json\/wp\/v2\/posts\/5698\/revisions\/5707"}],"wp:featuredmedia":[{"embeddable":true,"href":"https:\/\/www.elgrillitosuena.com\/inicio\/wp-json\/wp\/v2\/media\/5699"}],"wp:attachment":[{"href":"https:\/\/www.elgrillitosuena.com\/inicio\/wp-json\/wp\/v2\/media?parent=5698"}],"wp:term":[{"taxonomy":"category","embeddable":true,"href":"https:\/\/www.elgrillitosuena.com\/inicio\/wp-json\/wp\/v2\/categories?post=5698"},{"taxonomy":"post_tag","embeddable":true,"href":"https:\/\/www.elgrillitosuena.com\/inicio\/wp-json\/wp\/v2\/tags?post=5698"}],"curies":[{"name":"wp","href":"https:\/\/api.w.org\/{rel}","templated":true}]}}