{"id":5552,"date":"2021-04-08T16:59:49","date_gmt":"2021-04-08T16:59:49","guid":{"rendered":"https:\/\/www.elgrillitosuena.com\/inicio\/?p=5552"},"modified":"2021-04-08T16:59:49","modified_gmt":"2021-04-08T16:59:49","slug":"tengo-miedo-nino-migrante-suplica-ayuda-a-agente-fronterizo-video","status":"publish","type":"post","link":"https:\/\/www.elgrillitosuena.com\/inicio\/noticias\/mundo\/tengo-miedo-nino-migrante-suplica-ayuda-a-agente-fronterizo-video\/","title":{"rendered":"&#8216;Tengo miedo&#8217;: ni\u00f1o migrante suplica ayuda a agente fronterizo (video)"},"content":{"rendered":"<p><img decoding=\"async\" loading=\"lazy\" class=\"alignnone  wp-image-5553\" src=\"https:\/\/www.elgrillitosuena.com\/inicio\/wp-content\/uploads\/2021\/04\/pequeno-anos-abandonado-grupo-migrantes_0_12_1200_746-300x181.jpg\" alt=\"\" width=\"797\" height=\"481\" srcset=\"https:\/\/www.elgrillitosuena.com\/inicio\/wp-content\/uploads\/2021\/04\/pequeno-anos-abandonado-grupo-migrantes_0_12_1200_746-300x181.jpg 300w, https:\/\/www.elgrillitosuena.com\/inicio\/wp-content\/uploads\/2021\/04\/pequeno-anos-abandonado-grupo-migrantes_0_12_1200_746-768x464.jpg 768w, https:\/\/www.elgrillitosuena.com\/inicio\/wp-content\/uploads\/2021\/04\/pequeno-anos-abandonado-grupo-migrantes_0_12_1200_746.jpg 936w\" sizes=\"(max-width: 797px) 100vw, 797px\" \/><\/p>\n<p>\u201cYo ven\u00eda con un grupo de personas y\u00a0<strong>me dejaron botado y no s\u00e9 d\u00f3nde est\u00e1n<\/strong>\u201c, le dice un ni\u00f1o a un agente de la Oficina de Aduanas y Protecci\u00f3n Fronteriza (CBP, por sus siglas en ingl\u00e9s).<\/p>\n<p>El video comenz\u00f3 a difundirse a principios de esta semana y en \u00e9l se refleja tan solo un fragmento de la crisis migratoria que se vive ahora en la<strong>\u00a0frontera M\u00e9xico-Estados Unidos.<\/strong><\/p>\n<p>El menor que se observa en el video deambulaba desesperado en\u00a0<strong>La Grulla, Texas.<\/strong>\u00a0Al momento de ver el auto del agente de la Patrulla Fronteriza corre hac\u00eda \u00e9l a pedir ayuda, le explica que ven\u00eda con un grupo, pero que ahora est\u00e1 solo porque lo han dejado \u201cbotado\u201d.<\/p>\n<p><strong>\u201c\u00bfUsted me puede ayudar?\u201d<\/strong>, pregunta el ni\u00f1o de 10 a\u00f1os con l\u00e1grimas en los ojos. El agente le pregunta si alguien lo acompa\u00f1a o si lo enviaron a pedir ayuda, \u00e9l lo niega y asegura estar solo.<\/p>\n<div class=\"epyt-video-wrapper\"><iframe loading=\"lazy\"  id=\"_ytid_29949\"  width=\"618\" height=\"347\"  data-origwidth=\"618\" data-origheight=\"347\"  data-relstop=\"1\" src=\"https:\/\/www.youtube.com\/embed\/8SANOv9ZWk8?enablejsapi=1&#038;autoplay=0&#038;cc_load_policy=0&#038;cc_lang_pref=&#038;iv_load_policy=1&#038;loop=0&#038;modestbranding=0&#038;rel=0&#038;fs=1&#038;playsinline=0&#038;autohide=2&#038;theme=dark&#038;color=red&#038;controls=1&#038;\" class=\"__youtube_prefs__  epyt-is-override  no-lazyload\" title=\"YouTube player\"  allow=\"accelerometer; autoplay; clipboard-write; encrypted-media; gyroscope; picture-in-picture\" allowfullscreen data-no-lazy=\"1\" data-skipgform_ajax_framebjll=\"\"><\/iframe><\/div>\n<p>De acuerdo con el periodista Pedro Ultreras, el menor es de origen nicarag\u00fcense y actualmente se encuentra en buen estado en<strong>\u00a0Donna, Texas.<\/strong><\/p>\n<p><strong>Son m\u00e1s de 20 mil ni\u00f1os migrantes no acompa\u00f1ados bajo custodia de EU<\/strong><\/p>\n<p>Un total de\u00a0<strong>20,273 ni\u00f1os migrantes no acompa\u00f1ados<\/strong>\u00a0se encuentra bajo custodia de Estados Unidos, una cifra de r\u00e9cord, seg\u00fan datos de la Administraci\u00f3n estadounidense citados por\u00a0<em>Europa Press.<\/em><\/p>\n<p>En concreto, unos<strong>\u00a04,200 ni\u00f1os no acompa\u00f1ados<\/strong>\u00a0se encuentran con la Oficina de Aduanas y Protecci\u00f3n Fronteriza y\u00a0<strong>m\u00e1s de 16,000<\/strong>\u00a0bajo el cuidado del Departamento de Salud y Servicios Humanos, informa\u00a0<em>CNN<\/em>.<\/p>\n<p>La cifra de ni\u00f1os que cruzan solos la frontera entre M\u00e9xico y Estados Unidos preocupa a las autoridades, que han cifrado en<strong>\u00a0747 los menores que llegaron a territorio estadounidense solo el martes<\/strong>.<\/p>\n<p>Mientras, la Administraci\u00f3n de Joe Biden busca aliviar el hacinamiento en las instalaciones de la Patrulla Fronteriza y<strong>\u00a0transferir a los ni\u00f1os a centros supervisados por el Departamento de Salud.<\/strong><\/p>\n<p>Seg\u00fan documentos gubernamentales obtenidos por\u00a0<em>CNN<\/em>, el Gobierno tiene que aumentar la capacidad de camas y reducir dr\u00e1sticamente el tiempo que transcurre hasta que se entrega a los menores a alg\u00fan familiar en Estados Unidos, con el objetivo de evitar la saturaci\u00f3n en la frontera. En las \u00faltimas semanas,<strong>\u00a0se han abierto m\u00e1s de una decena de espacios para albergar a estos menores.<\/strong><\/p>\n<p>En este contexto, un documento judicial citado por el medio antes mencionado ha se\u00f1alado que hasta<strong>\u00a0445 padres de ni\u00f1os migrantes separados de sus familias<\/strong>\u00a0en la llegada a la frontera durante la Administraci\u00f3n de\u00a0<strong>Donald Trump<\/strong>, entre 2017 y 2018, a\u00fan no han sido localizados. Durante la etapa de \u201ctolerancia cero\u201d a la inmigraci\u00f3n bajo el mandato del expresidente, unos 2,800 ni\u00f1os fueron separados de sus padres.<\/p>\n<p>La portavoz de la Casa Blanca, Jen Psaki, ha indicado que la uni\u00f3n de familias separadas en\u00a0<strong>la frontera es un \u201cdesaf\u00edo complejo\u201d<\/strong>\u00a0y ha apuntado a que el Gobierno anterior \u201cno contaba con un sistema para rastrear a los ni\u00f1os y padres separados\u201d.<\/p>\n<p>Con informaci\u00f3n de Aristegui noticias.<\/p>\n","protected":false},"excerpt":{"rendered":"<p>\u201cYo ven\u00eda con un grupo de personas y\u00a0me dejaron botado y no s\u00e9 d\u00f3nde est\u00e1n\u201c, le dice un ni\u00f1o a un agente de la Oficina de Aduanas y Protecci\u00f3n Fronteriza (CBP, por sus siglas en ingl\u00e9s). El video comenz\u00f3 a difundirse a principios de esta semana y en \u00e9l se refleja tan solo un fragmento &hellip;<\/p>\n","protected":false},"author":3,"featured_media":5553,"comment_status":"open","ping_status":"closed","sticky":false,"template":"","format":"standard","meta":[],"categories":[40],"tags":[230,1492],"_links":{"self":[{"href":"https:\/\/www.elgrillitosuena.com\/inicio\/wp-json\/wp\/v2\/posts\/5552"}],"collection":[{"href":"https:\/\/www.elgrillitosuena.com\/inicio\/wp-json\/wp\/v2\/posts"}],"about":[{"href":"https:\/\/www.elgrillitosuena.com\/inicio\/wp-json\/wp\/v2\/types\/post"}],"author":[{"embeddable":true,"href":"https:\/\/www.elgrillitosuena.com\/inicio\/wp-json\/wp\/v2\/users\/3"}],"replies":[{"embeddable":true,"href":"https:\/\/www.elgrillitosuena.com\/inicio\/wp-json\/wp\/v2\/comments?post=5552"}],"version-history":[{"count":1,"href":"https:\/\/www.elgrillitosuena.com\/inicio\/wp-json\/wp\/v2\/posts\/5552\/revisions"}],"predecessor-version":[{"id":5554,"href":"https:\/\/www.elgrillitosuena.com\/inicio\/wp-json\/wp\/v2\/posts\/5552\/revisions\/5554"}],"wp:featuredmedia":[{"embeddable":true,"href":"https:\/\/www.elgrillitosuena.com\/inicio\/wp-json\/wp\/v2\/media\/5553"}],"wp:attachment":[{"href":"https:\/\/www.elgrillitosuena.com\/inicio\/wp-json\/wp\/v2\/media?parent=5552"}],"wp:term":[{"taxonomy":"category","embeddable":true,"href":"https:\/\/www.elgrillitosuena.com\/inicio\/wp-json\/wp\/v2\/categories?post=5552"},{"taxonomy":"post_tag","embeddable":true,"href":"https:\/\/www.elgrillitosuena.com\/inicio\/wp-json\/wp\/v2\/tags?post=5552"}],"curies":[{"name":"wp","href":"https:\/\/api.w.org\/{rel}","templated":true}]}}