{"id":5548,"date":"2021-04-08T15:44:06","date_gmt":"2021-04-08T15:44:06","guid":{"rendered":"https:\/\/www.elgrillitosuena.com\/inicio\/?p=5548"},"modified":"2021-04-08T15:44:06","modified_gmt":"2021-04-08T15:44:06","slug":"abuelitos-que-no-fueron-a-vacunarse-todavia-pueden-hacerlo-asi","status":"publish","type":"post","link":"https:\/\/www.elgrillitosuena.com\/inicio\/noticias\/mexico\/abuelitos-que-no-fueron-a-vacunarse-todavia-pueden-hacerlo-asi\/","title":{"rendered":"Abuelitos que no fueron a vacunarse todav\u00eda pueden hacerlo as\u00ed"},"content":{"rendered":"<p><img decoding=\"async\" src=\"https:\/\/cdn2.excelsior.com.mx\/media\/styles\/imagen_portada_grande\/public\/pictures\/2021\/04\/08\/2558905.jpg\" alt=\"Una vez que el adulto mayor quede registrado debe esperar a que le env\u00eden un mensaje SMS donde se le indicar\u00e1 el d\u00eda, la hora y el lugar en el que debe presentarse para recibir su vacunaci\u00f3n\" \/><\/p>\n<p class=\"letter-capitular\">La vacunaci\u00f3n para adultos mayores de 60 a\u00f1os y m\u00e1s avanza en la Ciudad de M\u00e9xico, sin embargo, todav\u00eda existe un\u00a0<strong>17% de ellos<\/strong>\u00a0que no ha acudido a recibir su primera dosis, para esta poblaci\u00f3n todav\u00eda hay una oportunidad de hacerlo.<\/p>\n<p>El Gobierno de la capital hizo un llamado para que se vacunen y el tr\u00e1mite lo pueden hacer de la siguiente forma:<\/p>\n<ul>\n<li>Lo primero es llamar a Locatel al 55 56 58 11 11.<\/li>\n<li>Deben pedir ser registrados<\/li>\n<li>En Locatel les preguntar\u00e1n su edad<\/li>\n<li>Alcald\u00eda de residencia<\/li>\n<li>CURP<\/li>\n<li>N\u00famero telef\u00f3nico celular y uno de alg\u00fan familiar o conocido.<\/li>\n<\/ul>\n<p>Una vez que el adulto mayor quede\u00a0<strong>registrado<\/strong>\u00a0debe esperar a que le env\u00eden un mensaje SMS donde se le indicar\u00e1 el d\u00eda, la hora y el lugar en el que debe presentarse para recibir su vacunaci\u00f3n.<\/p>\n<p>La jefa de Gobierno se\u00f1al\u00f3 que no existe una raz\u00f3n exacta sobre el porqu\u00e9 el 17% de los adultos mayores registrados en el padr\u00f3n electoral no acudieron a recibir su primera dosis de la vacuna anticovid, sin embargo, podr\u00eda tratarse de casos de cambio de residencia.<\/p>\n<p>Con informaci\u00f3n de Excelsior<\/p>\n","protected":false},"excerpt":{"rendered":"<p>La vacunaci\u00f3n para adultos mayores de 60 a\u00f1os y m\u00e1s avanza en la Ciudad de M\u00e9xico, sin embargo, todav\u00eda existe un\u00a017% de ellos\u00a0que no ha acudido a recibir su primera dosis, para esta poblaci\u00f3n todav\u00eda hay una oportunidad de hacerlo. El Gobierno de la capital hizo un llamado para que se vacunen y el tr\u00e1mite &hellip;<\/p>\n","protected":false},"author":6,"featured_media":5549,"comment_status":"open","ping_status":"closed","sticky":false,"template":"","format":"standard","meta":[],"categories":[39],"tags":[935,165,126],"_links":{"self":[{"href":"https:\/\/www.elgrillitosuena.com\/inicio\/wp-json\/wp\/v2\/posts\/5548"}],"collection":[{"href":"https:\/\/www.elgrillitosuena.com\/inicio\/wp-json\/wp\/v2\/posts"}],"about":[{"href":"https:\/\/www.elgrillitosuena.com\/inicio\/wp-json\/wp\/v2\/types\/post"}],"author":[{"embeddable":true,"href":"https:\/\/www.elgrillitosuena.com\/inicio\/wp-json\/wp\/v2\/users\/6"}],"replies":[{"embeddable":true,"href":"https:\/\/www.elgrillitosuena.com\/inicio\/wp-json\/wp\/v2\/comments?post=5548"}],"version-history":[{"count":1,"href":"https:\/\/www.elgrillitosuena.com\/inicio\/wp-json\/wp\/v2\/posts\/5548\/revisions"}],"predecessor-version":[{"id":5550,"href":"https:\/\/www.elgrillitosuena.com\/inicio\/wp-json\/wp\/v2\/posts\/5548\/revisions\/5550"}],"wp:featuredmedia":[{"embeddable":true,"href":"https:\/\/www.elgrillitosuena.com\/inicio\/wp-json\/wp\/v2\/media\/5549"}],"wp:attachment":[{"href":"https:\/\/www.elgrillitosuena.com\/inicio\/wp-json\/wp\/v2\/media?parent=5548"}],"wp:term":[{"taxonomy":"category","embeddable":true,"href":"https:\/\/www.elgrillitosuena.com\/inicio\/wp-json\/wp\/v2\/categories?post=5548"},{"taxonomy":"post_tag","embeddable":true,"href":"https:\/\/www.elgrillitosuena.com\/inicio\/wp-json\/wp\/v2\/tags?post=5548"}],"curies":[{"name":"wp","href":"https:\/\/api.w.org\/{rel}","templated":true}]}}