{"id":5545,"date":"2021-04-08T15:34:16","date_gmt":"2021-04-08T15:34:16","guid":{"rendered":"https:\/\/www.elgrillitosuena.com\/inicio\/?p=5545"},"modified":"2021-04-08T15:34:16","modified_gmt":"2021-04-08T15:34:16","slug":"cual-es-la-forma-correcta-de-referirse-al-penacho-de-moctezuma-aqui-te-explicamos","status":"publish","type":"post","link":"https:\/\/www.elgrillitosuena.com\/inicio\/noticias\/cultura\/cual-es-la-forma-correcta-de-referirse-al-penacho-de-moctezuma-aqui-te-explicamos\/","title":{"rendered":"\u00bfCu\u00e1l es la forma correcta de referirse al penacho de Moctezuma?, aqu\u00ed te explicamos"},"content":{"rendered":"<p><img decoding=\"async\" src=\"https:\/\/heraldodemexico.com.mx\/u\/fotografias\/m\/2021\/4\/8\/f925x521-352823_421687_5050.jpeg\" alt=\"\u00bfCu\u00e1l es la forma correcta de referirse al penacho de Moctezuma?, aqu\u00ed te explicamos\" \/><\/p>\n<p>La forma correcta de referirse\u00a0al<strong>\u00a0Penacho de Moctezuma\u00a0<\/strong>es\u00a0<strong>Quetzalapanecayotl<\/strong>, este y otros datos muy importantes el escritor\u00a0Enrique Ortiz Garc\u00eda\u00a0los retom\u00f3 del libro\u00a0<em>El penacho del M\u00e9xico Antiguo y<\/em>\u00a0los comparti\u00f3\u00a0a trav\u00e9s de su cuenta de Twitter.<\/p>\n<p>El registro m\u00e1s antiguo en Europa data de 1596, en el que era descrito como \u201csombrero morisco\u201d en el inventario de la sucesi\u00f3n de Fernando II de Tirol.\u00a0Est\u00e1 compuesto de cuatro plumas de aves: plumas caudales de quetzales macho, las cuales son de color verde iridiscente; plumas de p\u00e1jaro vaquero de color caf\u00e9, plumas\u00a0de azulejo real de\u00a0color azul turquesa, as\u00ed como de esp\u00e1tula rosada, en\u00a0tonos rojos y\u00a0rosa.<\/p>\n<p><img decoding=\"async\" src=\"https:\/\/heraldodemexico.com.mx\/u\/fotografias\/m\/2021\/4\/8\/f768x1-352805_352932_93.png\" \/><\/p>\n<p>Es posible que en su primera carta de relaci\u00f3n,\u00a0<strong>Hern\u00e1n Cort\u00e9s<\/strong>\u00a0se refer\u00eda al famoso \u201cpenacho\u201d como\u00a0&#8220;una pieza grande de plumajes de colores, que se pone en la cabeza y que hay a la redonda de ella 68 piezas peque\u00f1as de oro (&#8230;) y de bajo de ellas 20 torrecitas de oro&#8221;.<\/p>\n<p>Asimismo, Ortiz Garc\u00eda refiere en su hilo de Twitter que en\u00a0<strong>1596<\/strong>\u00a0el penacho formaba parte de la\u00a0<strong>colecci\u00f3n del Castillo de Ambras<\/strong>, la cual fue expuesta 1814 en\u00a0<strong>el Palacio del Belvedere, en<\/strong>\u00a0<strong>Viena,\u00a0<\/strong>donde permaneci\u00f3\u00a0por m\u00e1s de 60 a\u00f1os.<\/p>\n<p>Las\u00a0<strong>medidas del penacho<\/strong>\u00a0son\u00a0178 cm de ancho por 130 cm de alto, adem\u00e1s tuvo mil 544 piezas met\u00e1licas, las cuales originalmente\u00a0eran\u00a0de oro y\u00a0en forma de media luna, disco y escamas rectangulares. En su estructura est\u00e1\u00a0compuesto\u00a0por varillas de madera, hilos de agave y algod\u00f3n, papeles de fibras, cuero y plumas. Tambi\u00e9n est\u00e1\u00a0hecha a base de dos\u00a0grandes redes hechas de hilos de algod\u00f3n y agave.<\/p>\n<p>El\u00a0<strong>naturalista<\/strong>\u00a0<strong>Von Hochstetter\u00a0<\/strong>encontr\u00f3 la pieza en 1878 y\u00a0<strong>realiz\u00f3\u00a0una restauraci\u00f3n\u00a0<\/strong>pensando que\u00a0era\u00a0un\u00a0<strong>estandarte<\/strong>, por lo que\u00a0<strong>cambi\u00f3 su morfolog\u00eda<\/strong>\u00a0flexible y tridimensional, y la volvi\u00f3\u00a0\u201cplana\u201d como actualmente\u00a0se exhibe, incluso por eso se pens\u00f3 que era una capa, lo cual no es cierto.<\/p>\n<p><img decoding=\"async\" src=\"https:\/\/heraldodemexico.com.mx\/u\/fotografias\/m\/2021\/4\/8\/f768x1-352810_352937_91.png\" \/><\/p>\n<p>Otro de los elementos\u00a0que permite confirmar que\u00a0<strong>se usaba en la cabeza<\/strong>\u00a0y no como capa, fue que la pieza en sus or\u00edgenes ten\u00eda un pico de oro en la parte frontal: sin embargo, esta pieza ya no existe, se cree que pudo ser fundida por el valor de ese metal.<\/p>\n<p>Asimismo, se\u00a0dice que originalmente\u00a0el penacho\u00a0<strong>tuvo alrededor 500 plumas caudales de quetzales macho\u00a0<\/strong>y que cada una de ellas fue atada a la estructura de malla y varillas, as\u00ed como entre ellas, con el fin de imitar a un ave en sus danzas y rituales.<\/p>\n<p><img decoding=\"async\" src=\"https:\/\/heraldodemexico.com.mx\/u\/fotografias\/m\/2021\/4\/8\/f768x1-352814_352941_108.png\" \/><\/p>\n<p>Tambi\u00e9n es posible que haya sido\u00a0parte del vestuario\u00a0utilizado por sacerdotes durante ceremonias y rituales, para representar una deidad, como Quetzalcoatl.<\/p>\n<p>Con informaci\u00f3n de Heraldo de M\u00e9xico<\/p>\n","protected":false},"excerpt":{"rendered":"<p>La forma correcta de referirse\u00a0al\u00a0Penacho de Moctezuma\u00a0es\u00a0Quetzalapanecayotl, este y otros datos muy importantes el escritor\u00a0Enrique Ortiz Garc\u00eda\u00a0los retom\u00f3 del libro\u00a0El penacho del M\u00e9xico Antiguo y\u00a0los comparti\u00f3\u00a0a trav\u00e9s de su cuenta de Twitter. El registro m\u00e1s antiguo en Europa data de 1596, en el que era descrito como \u201csombrero morisco\u201d en el inventario de la sucesi\u00f3n &hellip;<\/p>\n","protected":false},"author":6,"featured_media":5546,"comment_status":"open","ping_status":"closed","sticky":false,"template":"","format":"standard","meta":[],"categories":[43],"tags":[590,1491,1490],"_links":{"self":[{"href":"https:\/\/www.elgrillitosuena.com\/inicio\/wp-json\/wp\/v2\/posts\/5545"}],"collection":[{"href":"https:\/\/www.elgrillitosuena.com\/inicio\/wp-json\/wp\/v2\/posts"}],"about":[{"href":"https:\/\/www.elgrillitosuena.com\/inicio\/wp-json\/wp\/v2\/types\/post"}],"author":[{"embeddable":true,"href":"https:\/\/www.elgrillitosuena.com\/inicio\/wp-json\/wp\/v2\/users\/6"}],"replies":[{"embeddable":true,"href":"https:\/\/www.elgrillitosuena.com\/inicio\/wp-json\/wp\/v2\/comments?post=5545"}],"version-history":[{"count":1,"href":"https:\/\/www.elgrillitosuena.com\/inicio\/wp-json\/wp\/v2\/posts\/5545\/revisions"}],"predecessor-version":[{"id":5547,"href":"https:\/\/www.elgrillitosuena.com\/inicio\/wp-json\/wp\/v2\/posts\/5545\/revisions\/5547"}],"wp:featuredmedia":[{"embeddable":true,"href":"https:\/\/www.elgrillitosuena.com\/inicio\/wp-json\/wp\/v2\/media\/5546"}],"wp:attachment":[{"href":"https:\/\/www.elgrillitosuena.com\/inicio\/wp-json\/wp\/v2\/media?parent=5545"}],"wp:term":[{"taxonomy":"category","embeddable":true,"href":"https:\/\/www.elgrillitosuena.com\/inicio\/wp-json\/wp\/v2\/categories?post=5545"},{"taxonomy":"post_tag","embeddable":true,"href":"https:\/\/www.elgrillitosuena.com\/inicio\/wp-json\/wp\/v2\/tags?post=5545"}],"curies":[{"name":"wp","href":"https:\/\/api.w.org\/{rel}","templated":true}]}}