{"id":5542,"date":"2021-04-08T15:26:15","date_gmt":"2021-04-08T15:26:15","guid":{"rendered":"https:\/\/www.elgrillitosuena.com\/inicio\/?p=5542"},"modified":"2021-04-08T15:26:15","modified_gmt":"2021-04-08T15:26:15","slug":"anda-la-osa-chris-hemsworth-podria-protagonizar-la-secuela-de-gladiador","status":"publish","type":"post","link":"https:\/\/www.elgrillitosuena.com\/inicio\/life-style\/entretenimiento\/anda-la-osa-chris-hemsworth-podria-protagonizar-la-secuela-de-gladiador\/","title":{"rendered":"Anda la osa: Chris Hemsworth podr\u00eda protagonizar la secuela de \u2018Gladiador\u2019"},"content":{"rendered":"<p><img decoding=\"async\" src=\"https:\/\/i1.wp.com\/www.sopitas.com\/wp-content\/uploads\/2021\/04\/chris-hemsworth-podria-protagonizar-secuela-de-gladiador-1110x581.png\" alt=\"Anda la osa: Chris Hemsworth podr\u00eda protagonizar la secuela de 'Gladiador'\" \/><\/p>\n<p>Despu\u00e9s de la crisis que vivi\u00f3 Hollywood a ra\u00edz del coronavirus, parece que las cosas est\u00e1n regresando a \u2018la normalidad\u2019. Muchas producciones reanudaron las filmaciones que dejaron pendientes, aunque por ah\u00ed tambi\u00e9n regresaron los rumores sobre otros proyectos como el que estamos por contarles y que quiz\u00e1 los emocionar\u00e1 mucho. \u00bfPor qu\u00e9 lo decimos? Bueno, pues al parecer,\u00a0<strong>Chris Hemsworth podr\u00eda aparecer en la secuela de\u00a0<em>Gladiador<\/em>.\u00a0<\/strong><\/p>\n<p>As\u00ed como leyeron.\u00a0<strong>Fue hace exactamente 20 a\u00f1os cuando Ridley Scott dirigi\u00f3 y estren\u00f3 esta historia \u00e9pica<\/strong>\u00a0protagonizada por Russell Crowe, Joaquin Phoenix y Connie Nielsen. Justo despu\u00e9s de que se convirtiera en un \u00e9xito de taquilla internacional,\u00a0<strong>el cineasta y las personas involucradas en esta cinta mencionaron que estaban interesados en trabajar en una secuela<\/strong>, la cual supuestamente tendr\u00eda lugar 15 a\u00f1os despu\u00e9s y el protagonista ser\u00eda Lucio.<\/p>\n<h2>Chris Hemsworth\u2026 \u00bfel nuevo protagonista de \u2018Gladiador\u2019?<\/h2>\n<p>Sin embargo, y as\u00ed como suele suceder en la industria cinematogr\u00e1fica,<strong>\u00a0la idea de una segunda parte de\u00a0<em>Gladiador<\/em>\u00a0qued\u00f3 enlatada durante un buen rato.<\/strong>\u00a0Pero todo cambi\u00f3 en 2018 cuando medios como\u00a0<em>Deadline<\/em>\u00a0confirmaron que Scott ya se encontraba escribiendo ideas para un gui\u00f3n, y a pesar de que a\u00fan no hay nada claro con esta nueva pel\u00edcula ni cu\u00e1les son los planes,\u00a0<strong>Chris Hemsworth suena fuerte para protagonizarla<\/strong>.<\/p>\n<p>Desde hace algunas semanas,\u00a0<strong>al actor que da vida al Dios del Trueno en el MCU se le ha visto pasando el tiempo junto a Russell Crowe<\/strong>, e incluso se dice que tendr\u00e1 un peque\u00f1o papel en la cinta\u00a0<em>Thor: Love and Thunder<\/em>. Pero m\u00e1s all\u00e1 de pasarla bomba y de acuerdo con\u00a0<a href=\"https:\/\/movieweb.com\/gladiator-2-chris-hemsworth-russell-crowe-co-producers\/\" target=\"_blank\" rel=\"noopener noreferrer\"><em>Movieweb<\/em><\/a>, fuentes cercanas a Hemsworth y Crowe mencionan que\u00a0<strong>ambos han estado pensando en conceptos para la secuela de la historia de M\u00e1ximo.\u00a0<\/strong><\/p>\n<p><img decoding=\"async\" src=\"https:\/\/i1.wp.com\/www.sopitas.com\/wp-content\/uploads\/2020\/04\/netflix-estrena-trailer-oficial-mision-de-rescate-con-chris-hemsworth.png\" \/><\/p>\n<h2>\u00bfCu\u00e1l podr\u00eda ser la historia de esta secuela?<\/h2>\n<p>Al respecto, una persona an\u00f3nima declar\u00f3 que:\u00a0<em>\u201cRussell cree que (Chris Hemsworth) podr\u00eda ser el \u00fanico hombre capaz de interpretar a su hijo en una secuela de \u2018Gladiador\u2019. Est\u00e1n considerando cuidadosamente el concepto y han pasado horas reflexionando sobre las ideas del gui\u00f3n\u201d<\/em>. Por supuesto que\u00a0<strong>por ahora, todo esto es un rumor y a\u00fan no hay nada confirmado<\/strong>, pero de ser cierto estar\u00eda incre\u00edble ver al mism\u00edsimo Thor en Roma.<\/p>\n<p>La misma fuente menciona que\u00a0<strong>la pel\u00edcula no contar\u00eda como tal con Russell Crowe<\/strong>\u00a0\u2013porque ya saben en qu\u00e9 termin\u00f3 la cinta original\u2013.\u00a0<strong>En su lugar entrar\u00eda Chris, interpretando presuntamente al hijo de M\u00e1ximo<\/strong>\u00a0aunque aqu\u00ed hay un problema pues como recordar\u00e1n, en la primera pel\u00edcula, el \u00fanico reto\u00f1o reconocido del Gladiador est\u00e1 muerto, pues luego de la rebeli\u00f3n contra C\u00f3modo, este lo asesin\u00f3 junto a su madre como castigo por esto.<\/p>\n<p>En Hollywood siempre se las arreglan para traer de la muerte a ciertos personajes, y esta podr\u00eda ser la ocasi\u00f3n perfecta para<strong>\u00a0justificar por qu\u00e9 el hijo de M\u00e1ximo protagonizar\u00eda la secuela de\u00a0<em>Gladiador<\/em><\/strong>. \u00bfUstedes qu\u00e9 dicen? \u00bfLes gusta la idea de que aparezca una segunda parte de esta historia? \u00bfConsideran que Chris Hemsworth es el actor ideal para darle vida a este personaje?<\/p>\n<p>Con informaci\u00f3n de Sopitas<\/p>\n","protected":false},"excerpt":{"rendered":"<p>Despu\u00e9s de la crisis que vivi\u00f3 Hollywood a ra\u00edz del coronavirus, parece que las cosas est\u00e1n regresando a \u2018la normalidad\u2019. Muchas producciones reanudaron las filmaciones que dejaron pendientes, aunque por ah\u00ed tambi\u00e9n regresaron los rumores sobre otros proyectos como el que estamos por contarles y que quiz\u00e1 los emocionar\u00e1 mucho. \u00bfPor qu\u00e9 lo decimos? Bueno, &hellip;<\/p>\n","protected":false},"author":6,"featured_media":5543,"comment_status":"open","ping_status":"closed","sticky":false,"template":"","format":"standard","meta":[],"categories":[41],"tags":[113,1488,1489],"_links":{"self":[{"href":"https:\/\/www.elgrillitosuena.com\/inicio\/wp-json\/wp\/v2\/posts\/5542"}],"collection":[{"href":"https:\/\/www.elgrillitosuena.com\/inicio\/wp-json\/wp\/v2\/posts"}],"about":[{"href":"https:\/\/www.elgrillitosuena.com\/inicio\/wp-json\/wp\/v2\/types\/post"}],"author":[{"embeddable":true,"href":"https:\/\/www.elgrillitosuena.com\/inicio\/wp-json\/wp\/v2\/users\/6"}],"replies":[{"embeddable":true,"href":"https:\/\/www.elgrillitosuena.com\/inicio\/wp-json\/wp\/v2\/comments?post=5542"}],"version-history":[{"count":1,"href":"https:\/\/www.elgrillitosuena.com\/inicio\/wp-json\/wp\/v2\/posts\/5542\/revisions"}],"predecessor-version":[{"id":5544,"href":"https:\/\/www.elgrillitosuena.com\/inicio\/wp-json\/wp\/v2\/posts\/5542\/revisions\/5544"}],"wp:featuredmedia":[{"embeddable":true,"href":"https:\/\/www.elgrillitosuena.com\/inicio\/wp-json\/wp\/v2\/media\/5543"}],"wp:attachment":[{"href":"https:\/\/www.elgrillitosuena.com\/inicio\/wp-json\/wp\/v2\/media?parent=5542"}],"wp:term":[{"taxonomy":"category","embeddable":true,"href":"https:\/\/www.elgrillitosuena.com\/inicio\/wp-json\/wp\/v2\/categories?post=5542"},{"taxonomy":"post_tag","embeddable":true,"href":"https:\/\/www.elgrillitosuena.com\/inicio\/wp-json\/wp\/v2\/tags?post=5542"}],"curies":[{"name":"wp","href":"https:\/\/api.w.org\/{rel}","templated":true}]}}