{"id":5523,"date":"2021-04-07T16:31:49","date_gmt":"2021-04-07T16:31:49","guid":{"rendered":"https:\/\/www.elgrillitosuena.com\/inicio\/?p=5523"},"modified":"2021-04-07T16:31:49","modified_gmt":"2021-04-07T16:31:49","slug":"alineaciones-bayern-munich-vs-psg-champions-league-cuartos-de-final","status":"publish","type":"post","link":"https:\/\/www.elgrillitosuena.com\/inicio\/noticias\/deportes\/alineaciones-bayern-munich-vs-psg-champions-league-cuartos-de-final\/","title":{"rendered":"Alineaciones Bayern Munich vs PSG: Champions League cuartos de final"},"content":{"rendered":"<p><img decoding=\"async\" src=\"https:\/\/www.heraldodeportes.com.mx\/u\/fotografias\/fotosnoticias\/2021\/4\/7\/11403.jpg\" \/><\/p>\n<p><strong>Bayern de M\u00fanich<\/strong>\u00a0y\u00a0<strong>PSG\u00a0<\/strong>vuelven a verse las caras en\u00a0<strong>Champions League<\/strong>, aunque esta vez ser\u00e1 por los cuartos de final de la edici\u00f3n 2020-21. Los parisinos buscan tomarse revancha de la final perdida hace siete meses ante los b\u00e1varos.<\/p>\n<p>El\u00a0<strong>Allianz Arena<\/strong>\u00a0de M\u00fanich ser\u00e1 el escenario en donde se jugar\u00e1 este partido de ida donde ambos llegan con varias bajas. Tanto\u00a0<strong>Hans Flick<\/strong>\u00a0como\u00a0<strong>Mauricio Pochettino<\/strong>\u00a0est\u00e1n obligados a realizar varios cambios para poner lo mejor a disposici\u00f3n.<\/p>\n<p>Por el lado del\u00a0<em><strong>Bayern<\/strong><\/em>, la baja m\u00e1s importante es, sin dudas, la de su goleador\u00a0<strong>Robert Lewandowski<\/strong>, quien sufri\u00f3 una lesi\u00f3n en su rodilla jugando para la selecci\u00f3n de Polonia en la \u00faltima Fecha FIFA y tampoco estar\u00eda en la vuelta.\u00a0<strong>Douglas Costa<\/strong>,\u00a0<strong>Serge Gnabry\u00a0<\/strong>y\u00a0<strong>Corentin Tolisso\u00a0<\/strong>completan las ausencias.<\/p>\n<p>En tanto, el\u00a0<strong>Paris Saint-Germain<\/strong>\u00a0tambi\u00e9n sufre bajas importantes, sobre todo en el mediocampo, ya que ni<strong>\u00a0Leandro Paredes\u00a0<\/strong>ni\u00a0<strong>Marco Verratti<\/strong>\u00a0estar\u00e1n disponibles. A su vez,\u00a0<strong>Mauro Icardi\u00a0<\/strong>y\u00a0<strong>Alessandro Florenzi\u00a0<\/strong>tambi\u00e9n estar\u00e1n ausentes.<\/p>\n<p>El partido de ida entre Bayern de M\u00fanich y PSG comenzar\u00e1 a las 14:00 horas (centro de M\u00e9xico) y ser\u00e1 televisado por<em>\u00a0FOX Sports<\/em>. La vuelta ser\u00e1 el pr\u00f3ximo martes 13 de abril en el Parque de los Pr\u00edncipes de Par\u00eds.<\/p>\n<h2><strong>Alineaciones Bayern Munich vs PSG:<\/strong><\/h2>\n<p><strong>Bayern Munich:<\/strong>\u00a0Manuel Neuer; Benjamin Pavard, Niklas S\u00fcle, David Alaba, Alphonso Davies; Joshua Kimmich, Leon Goretzka, Leroy San\u00e9, Thomas M\u00fcller, Kingsley Coman; y Eric-Maxim Choupo-Moting. DT: Hans Flick.<\/p>\n<p><strong>PSG:<\/strong>\u00a0Keylor Navas; Thilo Kehrer, Marquinhos, Presnel Kimpembe, Abdou Diallo; Idrissa Gana Gueye, Ander Herrera; \u00c1ngel Di Mar\u00eda, Neymar, Kylian Mbapp\u00e9; Moise Kean. DT: Mauricio Pochettino.<\/p>\n<p>Con informaci\u00f3n de Heraldo de M\u00e9xico<\/p>\n<aside class=\"relacionadas con-foto\"><\/aside>\n","protected":false},"excerpt":{"rendered":"<p>Bayern de M\u00fanich\u00a0y\u00a0PSG\u00a0vuelven a verse las caras en\u00a0Champions League, aunque esta vez ser\u00e1 por los cuartos de final de la edici\u00f3n 2020-21. Los parisinos buscan tomarse revancha de la final perdida hace siete meses ante los b\u00e1varos. El\u00a0Allianz Arena\u00a0de M\u00fanich ser\u00e1 el escenario en donde se jugar\u00e1 este partido de ida donde ambos llegan con &hellip;<\/p>\n","protected":false},"author":6,"featured_media":5524,"comment_status":"open","ping_status":"closed","sticky":false,"template":"","format":"standard","meta":[],"categories":[45],"tags":[1382,85],"_links":{"self":[{"href":"https:\/\/www.elgrillitosuena.com\/inicio\/wp-json\/wp\/v2\/posts\/5523"}],"collection":[{"href":"https:\/\/www.elgrillitosuena.com\/inicio\/wp-json\/wp\/v2\/posts"}],"about":[{"href":"https:\/\/www.elgrillitosuena.com\/inicio\/wp-json\/wp\/v2\/types\/post"}],"author":[{"embeddable":true,"href":"https:\/\/www.elgrillitosuena.com\/inicio\/wp-json\/wp\/v2\/users\/6"}],"replies":[{"embeddable":true,"href":"https:\/\/www.elgrillitosuena.com\/inicio\/wp-json\/wp\/v2\/comments?post=5523"}],"version-history":[{"count":1,"href":"https:\/\/www.elgrillitosuena.com\/inicio\/wp-json\/wp\/v2\/posts\/5523\/revisions"}],"predecessor-version":[{"id":5525,"href":"https:\/\/www.elgrillitosuena.com\/inicio\/wp-json\/wp\/v2\/posts\/5523\/revisions\/5525"}],"wp:featuredmedia":[{"embeddable":true,"href":"https:\/\/www.elgrillitosuena.com\/inicio\/wp-json\/wp\/v2\/media\/5524"}],"wp:attachment":[{"href":"https:\/\/www.elgrillitosuena.com\/inicio\/wp-json\/wp\/v2\/media?parent=5523"}],"wp:term":[{"taxonomy":"category","embeddable":true,"href":"https:\/\/www.elgrillitosuena.com\/inicio\/wp-json\/wp\/v2\/categories?post=5523"},{"taxonomy":"post_tag","embeddable":true,"href":"https:\/\/www.elgrillitosuena.com\/inicio\/wp-json\/wp\/v2\/tags?post=5523"}],"curies":[{"name":"wp","href":"https:\/\/api.w.org\/{rel}","templated":true}]}}