{"id":5358,"date":"2021-03-30T18:30:42","date_gmt":"2021-03-30T18:30:42","guid":{"rendered":"https:\/\/www.elgrillitosuena.com\/inicio\/?p=5358"},"modified":"2021-03-30T18:30:42","modified_gmt":"2021-03-30T18:30:42","slug":"ya-sabia-que-los-madrazo-aureoles-y-olamendi-estaban-detras-del-medio-latinus-amlo","status":"publish","type":"post","link":"https:\/\/www.elgrillitosuena.com\/inicio\/noticias\/michoacan\/ya-sabia-que-los-madrazo-aureoles-y-olamendi-estaban-detras-del-medio-latinus-amlo\/","title":{"rendered":"\u201cYa sab\u00eda\u201d que los Madrazo, Aureoles y Olamendi estaban detr\u00e1s del medio Latinus: AMLO"},"content":{"rendered":"<p><img decoding=\"async\" loading=\"lazy\" class=\"alignnone  wp-image-5359\" src=\"https:\/\/www.elgrillitosuena.com\/inicio\/wp-content\/uploads\/2021\/03\/bloggif_5ef49bb421b8f-300x160.png\" alt=\"\" width=\"784\" height=\"418\" srcset=\"https:\/\/www.elgrillitosuena.com\/inicio\/wp-content\/uploads\/2021\/03\/bloggif_5ef49bb421b8f-300x160.png 300w, https:\/\/www.elgrillitosuena.com\/inicio\/wp-content\/uploads\/2021\/03\/bloggif_5ef49bb421b8f-768x410.png 768w, https:\/\/www.elgrillitosuena.com\/inicio\/wp-content\/uploads\/2021\/03\/bloggif_5ef49bb421b8f-310x165.png 310w, https:\/\/www.elgrillitosuena.com\/inicio\/wp-content\/uploads\/2021\/03\/bloggif_5ef49bb421b8f.png 800w\" sizes=\"(max-width: 784px) 100vw, 784px\" \/><\/p>\n<p>El presidente de M\u00e9xico Andr\u00e9s Manuel L\u00f3pez Obrador\u00a0revel\u00f3 que \u00e9l ya ten\u00eda conocimiento de que familiares de Roberto Madrazo, ex candidato presidencial del PRI; el Gobernador michoacano Silvano Aureoles y Patricia Olamendi, ex subsecretaria de Relaciones Exteriores de Vicente Fox Quesada, estaban detr\u00e1s de la plataforma de medios\u00a0Latinus.<\/p>\n<p>Sin embargo, el mandatario detall\u00f3 que es libertdad de expresi\u00f3n y que en M\u00e9xico todas las libertades son plenas, asimismo, indic\u00f3 que no har\u00e1n ninguna denuncia hacia el portal.<\/p>\n<p>\u201cNo queremos que se utilice de excusa, si hacemos una denuncia de ese tipo, que estamos limitando la libertad de expresi\u00f3n. Queremos que todos puedan ejercer sus libertades, como se est\u00e1 haciendo, sin l\u00edmites. Hasta con insultos, y no censuramos\u201d, contest\u00f3 AMLO al periodista \u00c1lvaro Delgado G\u00f3mez, director de Investigaci\u00f3n de SinEmbargo, el medio que report\u00f3 los nexos entre Madrazo y Latinus.<\/p>\n<p><img decoding=\"async\" loading=\"lazy\" class=\"alignnone  wp-image-5360\" src=\"https:\/\/www.elgrillitosuena.com\/inicio\/wp-content\/uploads\/2021\/03\/portada-300x169.jpg\" alt=\"\" width=\"779\" height=\"439\" srcset=\"https:\/\/www.elgrillitosuena.com\/inicio\/wp-content\/uploads\/2021\/03\/portada-300x169.jpg 300w, https:\/\/www.elgrillitosuena.com\/inicio\/wp-content\/uploads\/2021\/03\/portada-1024x576.jpg 1024w, https:\/\/www.elgrillitosuena.com\/inicio\/wp-content\/uploads\/2021\/03\/portada-768x432.jpg 768w, https:\/\/www.elgrillitosuena.com\/inicio\/wp-content\/uploads\/2021\/03\/portada-1536x864.jpg 1536w, https:\/\/www.elgrillitosuena.com\/inicio\/wp-content\/uploads\/2021\/03\/portada.jpg 1920w\" sizes=\"(max-width: 779px) 100vw, 779px\" \/><\/p>\n<p>Sobre el tema de impuestos, ah\u00ed s\u00ed el jefe del Ejecutivo afirm\u00f3 que se investigar\u00e1 si pagan debidamente los impuestos, porque \u201cno debe haber privilegios\u201d.<\/p>\n<p>Seg\u00fan el reportaje de\u00a0Delgado G\u00f3mez, dinero p\u00fablico del gobierno de Michoac\u00e1n estar\u00eda siendo utilizado para el medio de comunicaci\u00f3n Latinus, donde trabaja Carlos Loret de Mola y V\u00edctor Trujillo, Brozo.<\/p>\n<p>De acuerdo al periodista, Latinus ha obtenido millonarios contratos con el Gobierno de Michoac\u00e1n, sin embargo, la Secretar\u00eda de Hacienda y Cr\u00e9dito P\u00fablico (SHCP) se\u00f1ala no haber tenido declaraciones fiscales por parte de los involucrados.<\/p>\n<p>Las autoridades de la SHCP afirman que Latinus no ha hecho ninguna declaraci\u00f3n del fondeo de capital que maneja, ni siquiera provisional, al Sistema de Administraci\u00f3n Tributaria (SAT).<\/p>\n<p>Inicialmente, las autoridades de la SHCP presumieron que no hac\u00edan declaraciones porque el fondeo era de empresas registradas en Estados Unidos, pero no se ha identificado que as\u00ed sea, hasta ahora, porque las investigaciones contin\u00faan.<\/p>\n<p>Loret de Mola ha dicho en varias ocaciones que Latinus, donde labora, no tiene relaciones pol\u00edticas y empresariales.<\/p>\n","protected":false},"excerpt":{"rendered":"<p>El presidente de M\u00e9xico Andr\u00e9s Manuel L\u00f3pez Obrador\u00a0revel\u00f3 que \u00e9l ya ten\u00eda conocimiento de que familiares de Roberto Madrazo, ex candidato presidencial del PRI; el Gobernador michoacano Silvano Aureoles y Patricia Olamendi, ex subsecretaria de Relaciones Exteriores de Vicente Fox Quesada, estaban detr\u00e1s de la plataforma de medios\u00a0Latinus. Sin embargo, el mandatario detall\u00f3 que es &hellip;<\/p>\n","protected":false},"author":3,"featured_media":5359,"comment_status":"open","ping_status":"closed","sticky":false,"template":"","format":"standard","meta":[],"categories":[39,38],"tags":[98,1445,56,55],"_links":{"self":[{"href":"https:\/\/www.elgrillitosuena.com\/inicio\/wp-json\/wp\/v2\/posts\/5358"}],"collection":[{"href":"https:\/\/www.elgrillitosuena.com\/inicio\/wp-json\/wp\/v2\/posts"}],"about":[{"href":"https:\/\/www.elgrillitosuena.com\/inicio\/wp-json\/wp\/v2\/types\/post"}],"author":[{"embeddable":true,"href":"https:\/\/www.elgrillitosuena.com\/inicio\/wp-json\/wp\/v2\/users\/3"}],"replies":[{"embeddable":true,"href":"https:\/\/www.elgrillitosuena.com\/inicio\/wp-json\/wp\/v2\/comments?post=5358"}],"version-history":[{"count":1,"href":"https:\/\/www.elgrillitosuena.com\/inicio\/wp-json\/wp\/v2\/posts\/5358\/revisions"}],"predecessor-version":[{"id":5361,"href":"https:\/\/www.elgrillitosuena.com\/inicio\/wp-json\/wp\/v2\/posts\/5358\/revisions\/5361"}],"wp:featuredmedia":[{"embeddable":true,"href":"https:\/\/www.elgrillitosuena.com\/inicio\/wp-json\/wp\/v2\/media\/5359"}],"wp:attachment":[{"href":"https:\/\/www.elgrillitosuena.com\/inicio\/wp-json\/wp\/v2\/media?parent=5358"}],"wp:term":[{"taxonomy":"category","embeddable":true,"href":"https:\/\/www.elgrillitosuena.com\/inicio\/wp-json\/wp\/v2\/categories?post=5358"},{"taxonomy":"post_tag","embeddable":true,"href":"https:\/\/www.elgrillitosuena.com\/inicio\/wp-json\/wp\/v2\/tags?post=5358"}],"curies":[{"name":"wp","href":"https:\/\/api.w.org\/{rel}","templated":true}]}}