{"id":5351,"date":"2021-03-30T18:16:54","date_gmt":"2021-03-30T18:16:54","guid":{"rendered":"https:\/\/www.elgrillitosuena.com\/inicio\/?p=5351"},"modified":"2021-03-31T19:05:40","modified_gmt":"2021-03-31T19:05:40","slug":"julio-cesar-chavez-jr-ya-tiene-acuerdo-y-fecha-para-pelea-con-anderson-silva","status":"publish","type":"post","link":"https:\/\/www.elgrillitosuena.com\/inicio\/noticias\/deportes\/julio-cesar-chavez-jr-ya-tiene-acuerdo-y-fecha-para-pelea-con-anderson-silva\/","title":{"rendered":"Julio C\u00e9sar Ch\u00e1vez Jr. ya tiene acuerdo y fecha para pelea con Anderson Silva"},"content":{"rendered":"<p><img decoding=\"async\" src=\"https:\/\/www.heraldodeportes.com.mx\/u\/fotografias\/m\/2020\/11\/11\/f800x450-3451_54897_4534.jpg\" alt=\"Julio C\u00e9sar Ch\u00e1vez Jr. ya tiene acuerdo y fecha para pelea con Anderson Silva\" \/><\/p>\n<p>Finalmente<strong>\u00a0Julio C\u00e9sar Ch\u00e1vez Jr.<\/strong>\u00a0tiene confirmado a su pr\u00f3ximo rival y ser\u00e1 ni m\u00e1s ni menos que el excampe\u00f3n de\u00a0<strong>UFC<\/strong>,\u00a0<strong>Anderson Silva<\/strong>. As\u00ed lo adelant\u00f3\u00a0<em>TMZ<\/em>, que asegura ya hay firma de contrato para esta pelea, que tendr\u00e1 lugar en la velada de<strong>\u00a0Julio C\u00e9sar Ch\u00e1vez<\/strong>\u00a0y\u00a0<strong>H\u00e9ctor\u00a0<em>Macho\u00a0<\/em>Camacho Jr.<\/strong><\/p>\n<p>Tras varias idas y vueltas, y algunos desencuentros sobre todo del lado del brasile\u00f1o, Ch\u00e1vez Jr. y Anderson Silva se enfrentar\u00e1n el pr\u00f3ximo 19 de junio en M\u00e9xico, como parte de la cartelera que tendr\u00e1 la exhibici\u00f3n entre el C\u00e9sar del Boxeo y\u00a0<em>Macho\u00a0<\/em>Camacho Jr.<\/p>\n<p><em>The Spider\u00a0<\/em>hab\u00eda desmentido la presunta pelea hace algunas semanas, pero las negociaciones continuaron pese a este desencuentro y Ch\u00e1vez Jr. tendr\u00e1 una pelea interesante ante un retador con mucho poder, pero que no tiene experiencia en el box. A pesar de esto, las expectativas crecen para esta velada que tendr\u00e1 lugar en el Estadio Jalisco.<\/p>\n<p>Por su parte, Ch\u00e1vez Jr. no tuvo problemas en su \u00faltima pelea ante el ecuatoriano\u00a0<strong>Jeyson Minda<\/strong>, rival de \u00faltimo momento ante la baja del argentino\u00a0<strong>Nicol\u00e1s Masseroni<\/strong>. Ahora, deber\u00e1 dar la talla ante un rival, del cual se puede esperar cualquier cosa.<\/p>\n<p>Anderson Silva fue desvinculado de UFC luego de perder sus \u00faltimos tres combates en el oct\u00e1gono. Aunque, tiene muchas ganas de enfrentar este nuevo desaf\u00edo en el mundo del boxeo. &#8220;Estoy muy feliz por la oportunidad de probar mis habilidades de boxeo con \u00e9l.<strong>\u00a0Cuando miro hacia atr\u00e1s en mi viaje, veo que nada ha sido en vano<\/strong>&#8220;, expres\u00f3.<\/p>\n<p>Ch\u00e1vez Jr. tambi\u00e9n comunic\u00f3 sus intenciones. &#8220;Me he vuelto a dedicar al deporte que amo y estar\u00e9 listo para enfrentar a cualquiera en la divisi\u00f3n de peso semipesado comenzando con Silva.<strong>\u00a0Estar\u00e9 preparado para salir victorioso el 19 de junio<\/strong>&#8220;, asegur\u00f3.<\/p>\n<p>s\u00ed, Ch\u00e1vez Jr. y Anderson Silva se ver\u00e1n las caras en el ring del estadio Jalisco de Guadalajara el pr\u00f3ximo 19 de junio en el homenaje a los Reyes, en un evento que ser\u00e1 transmitido en vivo y en directo por pay per view.<\/p>\n<p>Con informaci\u00f3n de Heraldo de M\u00e9xico<\/p>\n","protected":false},"excerpt":{"rendered":"<p>Finalmente\u00a0Julio C\u00e9sar Ch\u00e1vez Jr.\u00a0tiene confirmado a su pr\u00f3ximo rival y ser\u00e1 ni m\u00e1s ni menos que el excampe\u00f3n de\u00a0UFC,\u00a0Anderson Silva. As\u00ed lo adelant\u00f3\u00a0TMZ, que asegura ya hay firma de contrato para esta pelea, que tendr\u00e1 lugar en la velada de\u00a0Julio C\u00e9sar Ch\u00e1vez\u00a0y\u00a0H\u00e9ctor\u00a0Macho\u00a0Camacho Jr. Tras varias idas y vueltas, y algunos desencuentros sobre todo del lado &hellip;<\/p>\n","protected":false},"author":6,"featured_media":5352,"comment_status":"open","ping_status":"closed","sticky":false,"template":"","format":"standard","meta":[],"categories":[45],"tags":[620,621,1443],"_links":{"self":[{"href":"https:\/\/www.elgrillitosuena.com\/inicio\/wp-json\/wp\/v2\/posts\/5351"}],"collection":[{"href":"https:\/\/www.elgrillitosuena.com\/inicio\/wp-json\/wp\/v2\/posts"}],"about":[{"href":"https:\/\/www.elgrillitosuena.com\/inicio\/wp-json\/wp\/v2\/types\/post"}],"author":[{"embeddable":true,"href":"https:\/\/www.elgrillitosuena.com\/inicio\/wp-json\/wp\/v2\/users\/6"}],"replies":[{"embeddable":true,"href":"https:\/\/www.elgrillitosuena.com\/inicio\/wp-json\/wp\/v2\/comments?post=5351"}],"version-history":[{"count":1,"href":"https:\/\/www.elgrillitosuena.com\/inicio\/wp-json\/wp\/v2\/posts\/5351\/revisions"}],"predecessor-version":[{"id":5353,"href":"https:\/\/www.elgrillitosuena.com\/inicio\/wp-json\/wp\/v2\/posts\/5351\/revisions\/5353"}],"wp:featuredmedia":[{"embeddable":true,"href":"https:\/\/www.elgrillitosuena.com\/inicio\/wp-json\/wp\/v2\/media\/5352"}],"wp:attachment":[{"href":"https:\/\/www.elgrillitosuena.com\/inicio\/wp-json\/wp\/v2\/media?parent=5351"}],"wp:term":[{"taxonomy":"category","embeddable":true,"href":"https:\/\/www.elgrillitosuena.com\/inicio\/wp-json\/wp\/v2\/categories?post=5351"},{"taxonomy":"post_tag","embeddable":true,"href":"https:\/\/www.elgrillitosuena.com\/inicio\/wp-json\/wp\/v2\/tags?post=5351"}],"curies":[{"name":"wp","href":"https:\/\/api.w.org\/{rel}","templated":true}]}}