{"id":4953,"date":"2021-03-12T16:36:49","date_gmt":"2021-03-12T16:36:49","guid":{"rendered":"https:\/\/www.elgrillitosuena.com\/inicio\/?p=4953"},"modified":"2021-03-12T18:39:40","modified_gmt":"2021-03-12T18:39:40","slug":"horacio-altuna-los-comics-puede-poner-en-el-foco-de-la-conciencia-los-problemas","status":"publish","type":"post","link":"https:\/\/www.elgrillitosuena.com\/inicio\/noticias\/cultura\/horacio-altuna-los-comics-puede-poner-en-el-foco-de-la-conciencia-los-problemas\/","title":{"rendered":"Horacio Altuna: &#8220;Los C\u00f3mics puede poner en el foco de la conciencia los problemas&#8221;"},"content":{"rendered":"<p><img decoding=\"async\" src=\"https:\/\/heraldodemexico.com.mx\/u\/fotografias\/m\/2021\/3\/12\/f925x521-335281_404145_5050.jpg\" alt=\"Horacio Altuna: &quot;Los C\u00f3mics puede poner en el foco de la conciencia los problemas&quot;\" \/><\/p>\n<p>La\u00a0<strong>historieta<\/strong>, dice Horacio Altuna (C\u00f3rdoba, 1941), \u201cpuede contribuir a esclarecer las cosas o a poner en el foco de la conciencia los problemas\u201d. El argentino tiene 50 a\u00f1os dibujando y no entiende al\u00a0<strong>c\u00f3mic<\/strong>\u00a0como un g\u00e9nero exclusivo para divertir o de historias pueriles: \u201cSoy un tipo muy ideologizado, me gusta contar historias que tengan un trasfondo, que puedan mover conciencias y para pensar\u201d, dice, v\u00eda Zoom, desde Barcelona.<\/p>\n<p>A pesar del peso que tiene en el mundo como historietista, Altuna est\u00e1 llegando a M\u00e9xico por primera vez, editado por un sello nacional. Junto con \u201cLos a\u00f1os de Allende\u201d, de los chilenos Carlos Reyes y Rodrigo Elgueta, su trepidante \u00e1lbum \u201cHot. L. A.\u201d inaugura la Colecci\u00f3n Popular Novela Gr\u00e1fica del\u00a0<strong>Fondo de Cultura Econ\u00f3mica (FCE)<\/strong>, que ofrecer\u00e1 el g\u00e9nero desde 85 pesos.<\/p>\n<p>\u201cHot. L. A.\u201d, tiene como trasfondo los excesos polic\u00edacos de 1992 en los barrios marginales de Los \u00c1ngeles, despu\u00e9s del arresto del afroamericano Rodney King, y cuyas protestas dejaron 63 muertos y m\u00e1s de dos mil heridos. En una \u00e9poca sin internet, Altuna trabaj\u00f3 con las cr\u00f3nicas que le\u00eda en Los Angeles Time y con el material que le mandaba un amigo desde all\u00e1.<\/p>\n<p>Su inter\u00e9s estaba puesto en el trasfondo social de la historia. \u201cSi uno se pone a pensar, EU tiene dos siglos siendo racista y eso no se ha modificado y es un racismo que existe en todo el mundo, lo vemos en el Mediterr\u00e1neo cuando las pateras vienen cruzando y se hunden, hay miles y miles de personas que mueren ahogadas\u201d, dice.<\/p>\n<p>Altuna evita ver las cosas desde el fatalismo hist\u00f3rico que no encuentra salida al problema, pero dice que a \u00e9l no le tocar\u00e1 vivir un cambio total de las cosas: \u201cLlev\u00f3 50 a\u00f1os dibujando y hasta hace 20 a\u00f1os, no conoc\u00ed personajes de\u00a0<strong>historieta\u00a0<\/strong>negros, los ha habido, pero de forma muy circunstancial\u201d.<\/p>\n<p>\u201cHa pasado lo mismo\u00a0con la mujer: despu\u00e9s de un siglo de testosterona, que bueno que hay mujeres que aporten su sensibilidad y su talento, la\u00a0<strong>historieta\u00a0<\/strong>ha dejado de ser un compartimento que dej\u00f3 de ser estanco en la actualidad para poder explayarse m\u00e1s\u201d, concluye.<\/p>\n<h2><strong>Datos curiosos<\/strong><\/h2>\n<ul>\n<li>Horacio Altuna tiene 50 a\u00f1os publicando diariamente una vi\u00f1eta en Argentina<\/li>\n<li>Se estableci\u00f3 en Barcelona de manera definitiva en 1982<\/li>\n<li>En M\u00e9xico vive su hijo y tres nietos, viajar\u00e1 inmediatamente que sea vacunado<\/li>\n<\/ul>\n<p>Con informaci\u00f3n de Heraldo de M\u00e9xico<\/p>\n","protected":false},"excerpt":{"rendered":"<p>La\u00a0historieta, dice Horacio Altuna (C\u00f3rdoba, 1941), \u201cpuede contribuir a esclarecer las cosas o a poner en el foco de la conciencia los problemas\u201d. El argentino tiene 50 a\u00f1os dibujando y no entiende al\u00a0c\u00f3mic\u00a0como un g\u00e9nero exclusivo para divertir o de historias pueriles: \u201cSoy un tipo muy ideologizado, me gusta contar historias que tengan un trasfondo, &hellip;<\/p>\n","protected":false},"author":6,"featured_media":4954,"comment_status":"open","ping_status":"closed","sticky":false,"template":"","format":"standard","meta":[],"categories":[43],"tags":[1318,1320,1319],"_links":{"self":[{"href":"https:\/\/www.elgrillitosuena.com\/inicio\/wp-json\/wp\/v2\/posts\/4953"}],"collection":[{"href":"https:\/\/www.elgrillitosuena.com\/inicio\/wp-json\/wp\/v2\/posts"}],"about":[{"href":"https:\/\/www.elgrillitosuena.com\/inicio\/wp-json\/wp\/v2\/types\/post"}],"author":[{"embeddable":true,"href":"https:\/\/www.elgrillitosuena.com\/inicio\/wp-json\/wp\/v2\/users\/6"}],"replies":[{"embeddable":true,"href":"https:\/\/www.elgrillitosuena.com\/inicio\/wp-json\/wp\/v2\/comments?post=4953"}],"version-history":[{"count":1,"href":"https:\/\/www.elgrillitosuena.com\/inicio\/wp-json\/wp\/v2\/posts\/4953\/revisions"}],"predecessor-version":[{"id":4955,"href":"https:\/\/www.elgrillitosuena.com\/inicio\/wp-json\/wp\/v2\/posts\/4953\/revisions\/4955"}],"wp:featuredmedia":[{"embeddable":true,"href":"https:\/\/www.elgrillitosuena.com\/inicio\/wp-json\/wp\/v2\/media\/4954"}],"wp:attachment":[{"href":"https:\/\/www.elgrillitosuena.com\/inicio\/wp-json\/wp\/v2\/media?parent=4953"}],"wp:term":[{"taxonomy":"category","embeddable":true,"href":"https:\/\/www.elgrillitosuena.com\/inicio\/wp-json\/wp\/v2\/categories?post=4953"},{"taxonomy":"post_tag","embeddable":true,"href":"https:\/\/www.elgrillitosuena.com\/inicio\/wp-json\/wp\/v2\/tags?post=4953"}],"curies":[{"name":"wp","href":"https:\/\/api.w.org\/{rel}","templated":true}]}}