{"id":4805,"date":"2021-03-05T01:03:41","date_gmt":"2021-03-05T01:03:41","guid":{"rendered":"https:\/\/www.elgrillitosuena.com\/inicio\/?p=4805"},"modified":"2021-03-05T01:03:41","modified_gmt":"2021-03-05T01:03:41","slug":"inician-obra-de-techumbre-en-cancha-del-fraccionamiento-los-vinedos","status":"publish","type":"post","link":"https:\/\/www.elgrillitosuena.com\/inicio\/noticias\/uruapan\/inician-obra-de-techumbre-en-cancha-del-fraccionamiento-los-vinedos\/","title":{"rendered":"Inician obra de techumbre en cancha del Fraccionamiento Los Vi\u00f1edos"},"content":{"rendered":"<p><img decoding=\"async\" loading=\"lazy\" class=\"alignnone size-full wp-image-4806\" src=\"https:\/\/www.elgrillitosuena.com\/inicio\/wp-content\/uploads\/2021\/03\/A2OBRA.jpg\" alt=\"\" width=\"1600\" height=\"1200\" srcset=\"https:\/\/www.elgrillitosuena.com\/inicio\/wp-content\/uploads\/2021\/03\/A2OBRA.jpg 1600w, https:\/\/www.elgrillitosuena.com\/inicio\/wp-content\/uploads\/2021\/03\/A2OBRA-300x225.jpg 300w, https:\/\/www.elgrillitosuena.com\/inicio\/wp-content\/uploads\/2021\/03\/A2OBRA-1024x768.jpg 1024w, https:\/\/www.elgrillitosuena.com\/inicio\/wp-content\/uploads\/2021\/03\/A2OBRA-768x576.jpg 768w, https:\/\/www.elgrillitosuena.com\/inicio\/wp-content\/uploads\/2021\/03\/A2OBRA-1536x1152.jpg 1536w\" sizes=\"(max-width: 1600px) 100vw, 1600px\" \/><\/p>\n<p>La obra dio arranque en compa\u00f1\u00eda del <strong>secretario de obras p\u00fablicas municipales Mariano Torres<\/strong>, sitio que, durante una charla con medios de comunicaci\u00f3n presentes y vecinos del fraccionamiento, realiz\u00f3 el arranca de esta obra que busca beneficiar a las familias que ah\u00ed habitan.<\/p>\n<p><img decoding=\"async\" loading=\"lazy\" class=\"alignnone size-full wp-image-4807\" src=\"https:\/\/www.elgrillitosuena.com\/inicio\/wp-content\/uploads\/2021\/03\/A1OBRA.jpg\" alt=\"\" width=\"1599\" height=\"899\" srcset=\"https:\/\/www.elgrillitosuena.com\/inicio\/wp-content\/uploads\/2021\/03\/A1OBRA.jpg 1599w, https:\/\/www.elgrillitosuena.com\/inicio\/wp-content\/uploads\/2021\/03\/A1OBRA-300x169.jpg 300w, https:\/\/www.elgrillitosuena.com\/inicio\/wp-content\/uploads\/2021\/03\/A1OBRA-1024x576.jpg 1024w, https:\/\/www.elgrillitosuena.com\/inicio\/wp-content\/uploads\/2021\/03\/A1OBRA-768x432.jpg 768w, https:\/\/www.elgrillitosuena.com\/inicio\/wp-content\/uploads\/2021\/03\/A1OBRA-1536x864.jpg 1536w\" sizes=\"(max-width: 1599px) 100vw, 1599px\" \/><\/p>\n<p>Durante su visita tambi\u00e9n se realiz\u00f3 inspecci\u00f3n de una zona que por mas de 8 a\u00f1os los vecinos qued\u00f3 abandonada por las anteriores administraciones, en la cual, los vecinos hicieron hincapi\u00e9 en que se les diera el visto bueno para su remodelacion e instalacion de una plaza para que, as\u00ed mimo, las familias y los ni\u00f1os, disfruten de espacios p\u00fablicos dignos.<\/p>\n<p><img decoding=\"async\" loading=\"lazy\" class=\"alignnone size-full wp-image-4808\" src=\"https:\/\/www.elgrillitosuena.com\/inicio\/wp-content\/uploads\/2021\/03\/A3OBRA.jpg\" alt=\"\" width=\"1600\" height=\"1200\" srcset=\"https:\/\/www.elgrillitosuena.com\/inicio\/wp-content\/uploads\/2021\/03\/A3OBRA.jpg 1600w, https:\/\/www.elgrillitosuena.com\/inicio\/wp-content\/uploads\/2021\/03\/A3OBRA-300x225.jpg 300w, https:\/\/www.elgrillitosuena.com\/inicio\/wp-content\/uploads\/2021\/03\/A3OBRA-1024x768.jpg 1024w, https:\/\/www.elgrillitosuena.com\/inicio\/wp-content\/uploads\/2021\/03\/A3OBRA-768x576.jpg 768w, https:\/\/www.elgrillitosuena.com\/inicio\/wp-content\/uploads\/2021\/03\/A3OBRA-1536x1152.jpg 1536w\" sizes=\"(max-width: 1600px) 100vw, 1600px\" \/><\/p>\n","protected":false},"excerpt":{"rendered":"<p>La obra dio arranque en compa\u00f1\u00eda del secretario de obras p\u00fablicas municipales Mariano Torres, sitio que, durante una charla con medios de comunicaci\u00f3n presentes y vecinos del fraccionamiento, realiz\u00f3 el arranca de esta obra que busca beneficiar a las familias que ah\u00ed habitan. Durante su visita tambi\u00e9n se realiz\u00f3 inspecci\u00f3n de una zona que por &hellip;<\/p>\n","protected":false},"author":2,"featured_media":4807,"comment_status":"open","ping_status":"closed","sticky":false,"template":"","format":"standard","meta":[],"categories":[37],"tags":[1295,1293,774,295,1294],"_links":{"self":[{"href":"https:\/\/www.elgrillitosuena.com\/inicio\/wp-json\/wp\/v2\/posts\/4805"}],"collection":[{"href":"https:\/\/www.elgrillitosuena.com\/inicio\/wp-json\/wp\/v2\/posts"}],"about":[{"href":"https:\/\/www.elgrillitosuena.com\/inicio\/wp-json\/wp\/v2\/types\/post"}],"author":[{"embeddable":true,"href":"https:\/\/www.elgrillitosuena.com\/inicio\/wp-json\/wp\/v2\/users\/2"}],"replies":[{"embeddable":true,"href":"https:\/\/www.elgrillitosuena.com\/inicio\/wp-json\/wp\/v2\/comments?post=4805"}],"version-history":[{"count":1,"href":"https:\/\/www.elgrillitosuena.com\/inicio\/wp-json\/wp\/v2\/posts\/4805\/revisions"}],"predecessor-version":[{"id":4809,"href":"https:\/\/www.elgrillitosuena.com\/inicio\/wp-json\/wp\/v2\/posts\/4805\/revisions\/4809"}],"wp:featuredmedia":[{"embeddable":true,"href":"https:\/\/www.elgrillitosuena.com\/inicio\/wp-json\/wp\/v2\/media\/4807"}],"wp:attachment":[{"href":"https:\/\/www.elgrillitosuena.com\/inicio\/wp-json\/wp\/v2\/media?parent=4805"}],"wp:term":[{"taxonomy":"category","embeddable":true,"href":"https:\/\/www.elgrillitosuena.com\/inicio\/wp-json\/wp\/v2\/categories?post=4805"},{"taxonomy":"post_tag","embeddable":true,"href":"https:\/\/www.elgrillitosuena.com\/inicio\/wp-json\/wp\/v2\/tags?post=4805"}],"curies":[{"name":"wp","href":"https:\/\/api.w.org\/{rel}","templated":true}]}}