{"id":4799,"date":"2021-03-05T00:39:49","date_gmt":"2021-03-05T00:39:49","guid":{"rendered":"https:\/\/www.elgrillitosuena.com\/inicio\/?p=4799"},"modified":"2021-03-05T00:39:49","modified_gmt":"2021-03-05T00:39:49","slug":"el-futuro-es-hoy-cdmx-estrena-teleferico-para-movilidad-de-zonas-altas","status":"publish","type":"post","link":"https:\/\/www.elgrillitosuena.com\/inicio\/noticias\/mexico\/el-futuro-es-hoy-cdmx-estrena-teleferico-para-movilidad-de-zonas-altas\/","title":{"rendered":"\u00a1El futuro es hoy! CDMX estrena telef\u00e9rico para movilidad de zonas altas"},"content":{"rendered":"<p><img decoding=\"async\" loading=\"lazy\" class=\"alignnone size-full wp-image-4800\" src=\"https:\/\/www.elgrillitosuena.com\/inicio\/wp-content\/uploads\/2021\/03\/A1TELEFERICO.jpg\" alt=\"\" width=\"700\" height=\"466\" srcset=\"https:\/\/www.elgrillitosuena.com\/inicio\/wp-content\/uploads\/2021\/03\/A1TELEFERICO.jpg 700w, https:\/\/www.elgrillitosuena.com\/inicio\/wp-content\/uploads\/2021\/03\/A1TELEFERICO-300x200.jpg 300w, https:\/\/www.elgrillitosuena.com\/inicio\/wp-content\/uploads\/2021\/03\/A1TELEFERICO-310x205.jpg 310w\" sizes=\"(max-width: 700px) 100vw, 700px\" \/><\/p>\n<p>Este proyecto prev\u00e9 generar m\u00e1s f\u00e1cil la movilizaci\u00f3n de la ciudadan\u00eda, abierto al p\u00fablico este jueves tras el paso de la alcaldesa, ser\u00e1 gratuito las primeras semanas para que los vecinos se familiaricen con la instalaci\u00f3n y luego el pasaje &#8220;ser\u00e1 muy accesible&#8221; siempre que permita la &#8220;sustentabilidad del sistema&#8221;.<\/p>\n<p>Una de las urbanizaciones m\u00e1s pobladas y contaminadas del mundo, inaugur\u00f3 este jueves su primera l\u00ednea de telef\u00e9rico, el Cableb\u00fas, para mejorar la movilidad en las zonas altas y escabrosas de esta localidad de m\u00e1s de 9 millones de habitantes.<\/p>\n<blockquote><p>&#8220;Es para las zonas de mayor necesidad en la ciudad. Es un sistema de primera para personas de primera en la Ciudad de M\u00e9xico&#8221;, explic\u00f3 la alcaldesa.<\/p><\/blockquote>\n<p>Sheinbaum indic\u00f3 que un mejor transporte en las zonas de mayor pobreza ayudar\u00e1 a &#8220;disminuir las grandes desigualdades&#8221;, por lo que anunci\u00f3 tambi\u00e9n que la segunda l\u00ednea del Cableb\u00fas se inaugurar\u00e1 a finales de junio en el popular distrito de Iztapalapa, el m\u00e1s poblado de la capital.<\/p>\n","protected":false},"excerpt":{"rendered":"<p>Este proyecto prev\u00e9 generar m\u00e1s f\u00e1cil la movilizaci\u00f3n de la ciudadan\u00eda, abierto al p\u00fablico este jueves tras el paso de la alcaldesa, ser\u00e1 gratuito las primeras semanas para que los vecinos se familiaricen con la instalaci\u00f3n y luego el pasaje &#8220;ser\u00e1 muy accesible&#8221; siempre que permita la &#8220;sustentabilidad del sistema&#8221;. Una de las urbanizaciones m\u00e1s &hellip;<\/p>\n","protected":false},"author":2,"featured_media":4800,"comment_status":"open","ping_status":"closed","sticky":false,"template":"","format":"standard","meta":[],"categories":[39],"tags":[74,618,724,1292],"_links":{"self":[{"href":"https:\/\/www.elgrillitosuena.com\/inicio\/wp-json\/wp\/v2\/posts\/4799"}],"collection":[{"href":"https:\/\/www.elgrillitosuena.com\/inicio\/wp-json\/wp\/v2\/posts"}],"about":[{"href":"https:\/\/www.elgrillitosuena.com\/inicio\/wp-json\/wp\/v2\/types\/post"}],"author":[{"embeddable":true,"href":"https:\/\/www.elgrillitosuena.com\/inicio\/wp-json\/wp\/v2\/users\/2"}],"replies":[{"embeddable":true,"href":"https:\/\/www.elgrillitosuena.com\/inicio\/wp-json\/wp\/v2\/comments?post=4799"}],"version-history":[{"count":1,"href":"https:\/\/www.elgrillitosuena.com\/inicio\/wp-json\/wp\/v2\/posts\/4799\/revisions"}],"predecessor-version":[{"id":4801,"href":"https:\/\/www.elgrillitosuena.com\/inicio\/wp-json\/wp\/v2\/posts\/4799\/revisions\/4801"}],"wp:featuredmedia":[{"embeddable":true,"href":"https:\/\/www.elgrillitosuena.com\/inicio\/wp-json\/wp\/v2\/media\/4800"}],"wp:attachment":[{"href":"https:\/\/www.elgrillitosuena.com\/inicio\/wp-json\/wp\/v2\/media?parent=4799"}],"wp:term":[{"taxonomy":"category","embeddable":true,"href":"https:\/\/www.elgrillitosuena.com\/inicio\/wp-json\/wp\/v2\/categories?post=4799"},{"taxonomy":"post_tag","embeddable":true,"href":"https:\/\/www.elgrillitosuena.com\/inicio\/wp-json\/wp\/v2\/tags?post=4799"}],"curies":[{"name":"wp","href":"https:\/\/api.w.org\/{rel}","templated":true}]}}