{"id":4796,"date":"2021-03-05T00:30:29","date_gmt":"2021-03-05T00:30:29","guid":{"rendered":"https:\/\/www.elgrillitosuena.com\/inicio\/?p=4796"},"modified":"2021-03-05T00:30:29","modified_gmt":"2021-03-05T00:30:29","slug":"viral-extrana-nube-se-hace-notar-en-el-cielo-de-argentina","status":"publish","type":"post","link":"https:\/\/www.elgrillitosuena.com\/inicio\/noticias\/mundo\/viral-extrana-nube-se-hace-notar-en-el-cielo-de-argentina\/","title":{"rendered":"VIRAL: Extra\u00f1a nube se hace notar en el cielo de Argentina"},"content":{"rendered":"<p><img decoding=\"async\" loading=\"lazy\" class=\"alignnone size-full wp-image-4797\" src=\"https:\/\/www.elgrillitosuena.com\/inicio\/wp-content\/uploads\/2021\/03\/A1NUBE.jpg\" alt=\"\" width=\"1084\" height=\"608\" srcset=\"https:\/\/www.elgrillitosuena.com\/inicio\/wp-content\/uploads\/2021\/03\/A1NUBE.jpg 1084w, https:\/\/www.elgrillitosuena.com\/inicio\/wp-content\/uploads\/2021\/03\/A1NUBE-300x168.jpg 300w, https:\/\/www.elgrillitosuena.com\/inicio\/wp-content\/uploads\/2021\/03\/A1NUBE-1024x574.jpg 1024w, https:\/\/www.elgrillitosuena.com\/inicio\/wp-content\/uploads\/2021\/03\/A1NUBE-768x431.jpg 768w\" sizes=\"(max-width: 1084px) 100vw, 1084px\" \/><\/p>\n<p>Los fen\u00f3menos naturales son capaces de sorprender a la gente cuando menos se lo espera y as\u00ed sucedi\u00f3 en Argentina el pasado 27 de diciembre, cuando fue posible ver una extra\u00f1a nube en el cielo sudamericano.<\/p>\n<p>A trav\u00e9s de redes sociales, las im\u00e1genes sobre la nube vista en la localidad de\u00a0<strong>Pico Truncado,<\/strong>\u00a0de la provincia de\u00a0<strong>Santa Cruz,<\/strong>\u00a0comenzaron a circular, sorprendiendo a los ciudadanos, quienes la ve\u00edan a una\u00a0<strong>baja<\/strong>\u00a0<strong>altura.<\/strong><\/p>\n<blockquote class=\"twitter-tweet\" data-width=\"550\" data-dnt=\"true\">\n<p lang=\"fr\" dir=\"ltr\">Imposant <a href=\"https:\/\/twitter.com\/hashtag\/arcus?src=hash&amp;ref_src=twsrc%5Etfw\">#arcus<\/a> de type \u00ab\u00a0nuage rouleau\u00a0\u00bb pr\u00e8s de Pico Truncado dans le sud de l\u2019<a href=\"https:\/\/twitter.com\/hashtag\/Argentine?src=hash&amp;ref_src=twsrc%5Etfw\">#Argentine<\/a>, ce 27 f\u00e9vrier. Vid\u00e9o par <a href=\"https:\/\/twitter.com\/deZabedrosky?ref_src=twsrc%5Etfw\">@deZabedrosky<\/a>. <a href=\"https:\/\/twitter.com\/hashtag\/rollcloud?src=hash&amp;ref_src=twsrc%5Etfw\">#rollcloud<\/a> <a href=\"https:\/\/twitter.com\/hashtag\/clouds?src=hash&amp;ref_src=twsrc%5Etfw\">#clouds<\/a> <a href=\"https:\/\/t.co\/B4IuMtuMil\">pic.twitter.com\/B4IuMtuMil<\/a><\/p>\n<p>&mdash; Keraunos (@KeraunosObs) <a href=\"https:\/\/twitter.com\/KeraunosObs\/status\/1365986064360472576?ref_src=twsrc%5Etfw\">February 28, 2021<\/a><\/p><\/blockquote>\n<p><script async src=\"https:\/\/platform.twitter.com\/widgets.js\" charset=\"utf-8\"><\/script><\/p>\n<p>Debido al inesperado suceso, las preguntas alrededor de esta\u00a0<strong>nube<\/strong>\u00a0comenzaron a surgir, por lo que se detall\u00f3 que a esta se le conoce como de\u00a0<strong>\u201crodillo\u201d,<\/strong> por su forma de tubo, misma que pod\u00eda ser apreciable a varios kil\u00f3metros. El nombre real de la \u201cnube de rodillo\u201d es\u00a0<strong>Volutus, <\/strong>de acuerdo al Atlas Internacional de Nubes:<\/p>\n<blockquote><p>\u201cMasa de nubes larga, habitualmente baja, horizontal, aislada y con forma de tubo que con frecuencia parece girar lentamente sobre un eje horizontal. La nube giratoria, o volutus, es un solit\u00f3n separado de otras nubes y constituye un ejemplo de macareo ondulatorio\u201d.<\/p><\/blockquote>\n<blockquote class=\"twitter-tweet\" data-width=\"550\" data-dnt=\"true\">\n<p lang=\"es\" dir=\"ltr\">\u2714\ufe0fEspectacular nube rodillo o (Roll Cloud) captada hoy por la tarde en Pico Truncado, Santa Cruz, Argentina <\/p>\n<p>\ud83d\udcf7 Diana Moreno <\/p>\n<p>Via: Soy Patagonico &amp; Red Clim\u00e1tica Mundial <a href=\"https:\/\/t.co\/Bdohes1aIP\">pic.twitter.com\/Bdohes1aIP<\/a><\/p>\n<p>&mdash; Alerta Cambio Clim\u00e1tico (@AlertaCambio) <a href=\"https:\/\/twitter.com\/AlertaCambio\/status\/1365818178199314434?ref_src=twsrc%5Etfw\">February 28, 2021<\/a><\/p><\/blockquote>\n<p><script async src=\"https:\/\/platform.twitter.com\/widgets.js\" charset=\"utf-8\"><\/script><\/p>\n","protected":false},"excerpt":{"rendered":"<p>Los fen\u00f3menos naturales son capaces de sorprender a la gente cuando menos se lo espera y as\u00ed sucedi\u00f3 en Argentina el pasado 27 de diciembre, cuando fue posible ver una extra\u00f1a nube en el cielo sudamericano. A trav\u00e9s de redes sociales, las im\u00e1genes sobre la nube vista en la localidad de\u00a0Pico Truncado,\u00a0de la provincia de\u00a0Santa &hellip;<\/p>\n","protected":false},"author":2,"featured_media":4797,"comment_status":"open","ping_status":"closed","sticky":false,"template":"","format":"standard","meta":[],"categories":[40],"tags":[513,58,1291,188],"_links":{"self":[{"href":"https:\/\/www.elgrillitosuena.com\/inicio\/wp-json\/wp\/v2\/posts\/4796"}],"collection":[{"href":"https:\/\/www.elgrillitosuena.com\/inicio\/wp-json\/wp\/v2\/posts"}],"about":[{"href":"https:\/\/www.elgrillitosuena.com\/inicio\/wp-json\/wp\/v2\/types\/post"}],"author":[{"embeddable":true,"href":"https:\/\/www.elgrillitosuena.com\/inicio\/wp-json\/wp\/v2\/users\/2"}],"replies":[{"embeddable":true,"href":"https:\/\/www.elgrillitosuena.com\/inicio\/wp-json\/wp\/v2\/comments?post=4796"}],"version-history":[{"count":1,"href":"https:\/\/www.elgrillitosuena.com\/inicio\/wp-json\/wp\/v2\/posts\/4796\/revisions"}],"predecessor-version":[{"id":4798,"href":"https:\/\/www.elgrillitosuena.com\/inicio\/wp-json\/wp\/v2\/posts\/4796\/revisions\/4798"}],"wp:featuredmedia":[{"embeddable":true,"href":"https:\/\/www.elgrillitosuena.com\/inicio\/wp-json\/wp\/v2\/media\/4797"}],"wp:attachment":[{"href":"https:\/\/www.elgrillitosuena.com\/inicio\/wp-json\/wp\/v2\/media?parent=4796"}],"wp:term":[{"taxonomy":"category","embeddable":true,"href":"https:\/\/www.elgrillitosuena.com\/inicio\/wp-json\/wp\/v2\/categories?post=4796"},{"taxonomy":"post_tag","embeddable":true,"href":"https:\/\/www.elgrillitosuena.com\/inicio\/wp-json\/wp\/v2\/tags?post=4796"}],"curies":[{"name":"wp","href":"https:\/\/api.w.org\/{rel}","templated":true}]}}