{"id":4557,"date":"2021-02-22T19:04:04","date_gmt":"2021-02-22T19:04:04","guid":{"rendered":"https:\/\/www.elgrillitosuena.com\/inicio\/?p=4557"},"modified":"2021-02-22T19:04:04","modified_gmt":"2021-02-22T19:04:04","slug":"hoy-se-define-regreso-a-clases-presenciales-en-michoacan-silvano","status":"publish","type":"post","link":"https:\/\/www.elgrillitosuena.com\/inicio\/noticias\/michoacan\/hoy-se-define-regreso-a-clases-presenciales-en-michoacan-silvano\/","title":{"rendered":"Hoy se define regreso a clases presenciales en Michoac\u00e1n: Silvano"},"content":{"rendered":"<p>Apenas hoy se abordar\u00e1n los temas sobre el regreso a clases presenciales, podr\u00eda tardar una semana en haber respuesta.<\/p>\n<p><img decoding=\"async\" loading=\"lazy\" class=\"size-full wp-image-4558\" src=\"https:\/\/www.elgrillitosuena.com\/inicio\/wp-content\/uploads\/2021\/02\/A1ESCUELA.jpeg\" alt=\"\" width=\"1280\" height=\"720\" srcset=\"https:\/\/www.elgrillitosuena.com\/inicio\/wp-content\/uploads\/2021\/02\/A1ESCUELA.jpeg 1280w, https:\/\/www.elgrillitosuena.com\/inicio\/wp-content\/uploads\/2021\/02\/A1ESCUELA-300x169.jpeg 300w, https:\/\/www.elgrillitosuena.com\/inicio\/wp-content\/uploads\/2021\/02\/A1ESCUELA-1024x576.jpeg 1024w, https:\/\/www.elgrillitosuena.com\/inicio\/wp-content\/uploads\/2021\/02\/A1ESCUELA-768x432.jpeg 768w\" sizes=\"(max-width: 1280px) 100vw, 1280px\" \/><\/p>\n<p>Los estudiantes podr\u00edan regresar a clases presenciales muy pronto, refiri\u00f3 Silvano Aureoles, quien tambi\u00e9n coment\u00f3 que ya se tienen los protocolos correspondientes para el retorno del regreso a clases dependiendo tambi\u00e9n, del n\u00famero de contagios en el Estado y en su municipios.<\/p>\n<blockquote><p>Siempre y cuando tengamos condiciones para los asesores educativos, se podr\u00e1 regresar a clases presenciales. aclaro Silvano<\/p><\/blockquote>\n<p>Asimismo inform\u00f3 que debido a la alza de contagios en <strong>Uruapan, Morelia y Zamora<\/strong> estos no podr\u00edan regresar a las clases presenciales.<\/p>\n","protected":false},"excerpt":{"rendered":"<p>Apenas hoy se abordar\u00e1n los temas sobre el regreso a clases presenciales, podr\u00eda tardar una semana en haber respuesta. Los estudiantes podr\u00edan regresar a clases presenciales muy pronto, refiri\u00f3 Silvano Aureoles, quien tambi\u00e9n coment\u00f3 que ya se tienen los protocolos correspondientes para el retorno del regreso a clases dependiendo tambi\u00e9n, del n\u00famero de contagios en &hellip;<\/p>\n","protected":false},"author":2,"featured_media":4558,"comment_status":"open","ping_status":"closed","sticky":false,"template":"","format":"standard","meta":[],"categories":[38],"tags":[],"_links":{"self":[{"href":"https:\/\/www.elgrillitosuena.com\/inicio\/wp-json\/wp\/v2\/posts\/4557"}],"collection":[{"href":"https:\/\/www.elgrillitosuena.com\/inicio\/wp-json\/wp\/v2\/posts"}],"about":[{"href":"https:\/\/www.elgrillitosuena.com\/inicio\/wp-json\/wp\/v2\/types\/post"}],"author":[{"embeddable":true,"href":"https:\/\/www.elgrillitosuena.com\/inicio\/wp-json\/wp\/v2\/users\/2"}],"replies":[{"embeddable":true,"href":"https:\/\/www.elgrillitosuena.com\/inicio\/wp-json\/wp\/v2\/comments?post=4557"}],"version-history":[{"count":1,"href":"https:\/\/www.elgrillitosuena.com\/inicio\/wp-json\/wp\/v2\/posts\/4557\/revisions"}],"predecessor-version":[{"id":4559,"href":"https:\/\/www.elgrillitosuena.com\/inicio\/wp-json\/wp\/v2\/posts\/4557\/revisions\/4559"}],"wp:featuredmedia":[{"embeddable":true,"href":"https:\/\/www.elgrillitosuena.com\/inicio\/wp-json\/wp\/v2\/media\/4558"}],"wp:attachment":[{"href":"https:\/\/www.elgrillitosuena.com\/inicio\/wp-json\/wp\/v2\/media?parent=4557"}],"wp:term":[{"taxonomy":"category","embeddable":true,"href":"https:\/\/www.elgrillitosuena.com\/inicio\/wp-json\/wp\/v2\/categories?post=4557"},{"taxonomy":"post_tag","embeddable":true,"href":"https:\/\/www.elgrillitosuena.com\/inicio\/wp-json\/wp\/v2\/tags?post=4557"}],"curies":[{"name":"wp","href":"https:\/\/api.w.org\/{rel}","templated":true}]}}