{"id":4540,"date":"2021-02-21T18:57:56","date_gmt":"2021-02-21T18:57:56","guid":{"rendered":"https:\/\/www.elgrillitosuena.com\/inicio\/?p=4540"},"modified":"2021-02-21T18:57:56","modified_gmt":"2021-02-21T18:57:56","slug":"hoy-21-de-febrero-es-el-dia-internacional-de-la-lengua-materna","status":"publish","type":"post","link":"https:\/\/www.elgrillitosuena.com\/inicio\/noticias\/cultura\/hoy-21-de-febrero-es-el-dia-internacional-de-la-lengua-materna\/","title":{"rendered":"Hoy 21 de febrero es el d\u00eda internacional de la lengua materna"},"content":{"rendered":"<p><img decoding=\"async\" loading=\"lazy\" class=\"alignnone size-full wp-image-4541\" src=\"https:\/\/www.elgrillitosuena.com\/inicio\/wp-content\/uploads\/2021\/02\/A1CULTURADIA.jpg\" alt=\"\" width=\"678\" height=\"452\" srcset=\"https:\/\/www.elgrillitosuena.com\/inicio\/wp-content\/uploads\/2021\/02\/A1CULTURADIA.jpg 678w, https:\/\/www.elgrillitosuena.com\/inicio\/wp-content\/uploads\/2021\/02\/A1CULTURADIA-300x200.jpg 300w\" sizes=\"(max-width: 678px) 100vw, 678px\" \/><\/p>\n<p class=\"text-align-justify\">Este 21 de febrero se celebra el D\u00eda Internacional de la Lengua Materna,\u00a0proclamado por la\u00a0<strong>Organizaci\u00f3n de Naciones Unidas para la Educaci\u00f3n, la Ciencia y la Cultura &#8211; UNESCO<\/strong>\u00a0con la finalidad de promover la diversidad ling\u00fc\u00edstica, la educaci\u00f3n multiling\u00fce\u00a0e incentivar en todas las sociedades un mejor conocimiento de las tradiciones culturales.<\/p>\n<p class=\"text-align-justify\">En nuestra Patria Grande esta fecha tiene una connotaci\u00f3n importante, puesto que solo en esta regi\u00f3n del mundo se albergan un total de\u00a0<strong>1060 lenguas<\/strong><b>,<\/b>\u00a0de las cuales el\u00a0<strong>64 por ciento est\u00e1 en peligro de extinci\u00f3n.<\/strong><\/p>\n<p class=\"text-align-justify\"><strong>\u00bfC\u00f3mo se extingue una lengua?<\/strong><\/p>\n<p class=\"text-align-justify\">Seg\u00fan la Unesco una lengua necesita al menos<strong>\u00a0100 mil hablantes para sobrevivir.\u00a0<\/strong>En el mundo<strong>\u00a0coexisten 7.016 lenguas de las cuales al menos la mitad est\u00e1 amenazada con desaparecer.<\/strong><\/p>\n<p class=\"text-align-justify\">Aunque es una realidad que podr\u00eda ser dif\u00edcil de concebir como un problema, lo cierto es que mientras m\u00e1s se expande la\u00a0ense\u00f1anza de lenguas, las que representan una minor\u00eda cuentan cada vez con pocos hablantes y se van dejando de lado.<\/p>\n<p class=\"text-align-justify\">La transmisi\u00f3n del idioma se refiere no solamente al conocimiento del lenguaje, sino tambi\u00e9n de las costumbres e implicatorias que hacen a ese idioma, afirma la UNESCO.<\/p>\n<p class=\"text-align-justify\"><strong>\u00bfQu\u00e9 hace Am\u00e9rica Latina para preservar sus lenguas maternas?<\/strong><\/p>\n<p class=\"text-align-justify\">En\u00a0<strong>Am\u00e9rica Latina<\/strong>\u00a0se hablan espa\u00f1ol o portugu\u00e9s en forma mayoritaria, ya que son las lenguas que llegaron con la colonizaci\u00f3n. Sin embargo\u00a0existe una variedad de lenguas ind\u00edgenas.<\/p>\n<p class=\"text-align-justify\">Seg\u00fan el Atlas socioling\u00fc\u00edstico de pueblos ind\u00edgenas de Am\u00e9rica Latina, en esa parte del mundo existen 522 pueblos originarios que utilizan 420 lenguas.<\/p>\n<p class=\"text-align-justify\">En\u00a0<strong>Venezuela\u00a0<\/strong>se hablan al menos 20 idiomas ind\u00edgenas conservados puros hasta la actualidad, de los 40 pueblos\u00a0en todo el territorio nacional.<\/p>\n<p class=\"text-align-justify\">Por otro lado, en\u00a0<strong>Ecuador\u00a0<\/strong>hay al menos un mill\u00f3n de personas que tratan de preservar 14 lenguas ind\u00edgenas. De estos, el quechua es el que se mantiene m\u00e1s fuerte en el pa\u00eds.<\/p>\n<p class=\"text-align-justify\">En\u00a0<strong>Brasil<\/strong>, estad\u00edsticas indican que unas 180 lenguas ind\u00edgenas son habladas en \u00e1reas remotas y otras lenguas son habladas por inmigrantes y sus descendientes. El \u201cgigante del sur\u201d cuenta adem\u00e1s con comunidades significativas ubicadas al sur del pa\u00eds que tienen gran cantidad de hablantes de alem\u00e1n (en la mayor parte del Hunsr\u00fcckisch, un dialecto alto alem\u00e1n) e italiano (principalmente el talian, de origen v\u00e9neto).<\/p>\n<p class=\"text-align-justify\">En\u00a0<strong>M\u00e9xico<\/strong>, el titular de la Secretar\u00eda de Educaci\u00f3n P\u00fablica (SEP), Emilio Chuayffet Chemor, dijo en 2015 que en el pa\u00eds se impulsan pol\u00edticas p\u00fablicas para<strong>\u00a0<\/strong>reforzar la ense\u00f1anza en lenguas ind\u00edgenas en todos los niveles educativos y\u00a0cuidando las que est\u00e1n en riesgo de desaparecer.<\/p>\n<p class=\"text-align-justify\">En tanto, en\u00a0<strong>Colombia<\/strong>, seg\u00fan un estudio de la Universidad de Los Andes y el Centro Colombiano de Estudios de la Lengua Abor\u00edgenes, hay tres lenguas ind\u00edgenas que tienen m\u00e1s de 50 mil hablantes: way\u00fau, paez, embera.<\/p>\n<p class=\"text-align-justify\">Desde Am\u00e9rica Ind\u00edgena en Red y la Red de Radios Mayas de ALER compartimos las siguientes producciones radiof\u00f3nicas a prop\u00f3sito de este D\u00eda.<\/p>\n","protected":false},"excerpt":{"rendered":"<p>Este 21 de febrero se celebra el D\u00eda Internacional de la Lengua Materna,\u00a0proclamado por la\u00a0Organizaci\u00f3n de Naciones Unidas para la Educaci\u00f3n, la Ciencia y la Cultura &#8211; UNESCO\u00a0con la finalidad de promover la diversidad ling\u00fc\u00edstica, la educaci\u00f3n multiling\u00fce\u00a0e incentivar en todas las sociedades un mejor conocimiento de las tradiciones culturales. En nuestra Patria Grande esta &hellip;<\/p>\n","protected":false},"author":2,"featured_media":4541,"comment_status":"open","ping_status":"closed","sticky":false,"template":"","format":"standard","meta":[],"categories":[43],"tags":[1220,1221],"_links":{"self":[{"href":"https:\/\/www.elgrillitosuena.com\/inicio\/wp-json\/wp\/v2\/posts\/4540"}],"collection":[{"href":"https:\/\/www.elgrillitosuena.com\/inicio\/wp-json\/wp\/v2\/posts"}],"about":[{"href":"https:\/\/www.elgrillitosuena.com\/inicio\/wp-json\/wp\/v2\/types\/post"}],"author":[{"embeddable":true,"href":"https:\/\/www.elgrillitosuena.com\/inicio\/wp-json\/wp\/v2\/users\/2"}],"replies":[{"embeddable":true,"href":"https:\/\/www.elgrillitosuena.com\/inicio\/wp-json\/wp\/v2\/comments?post=4540"}],"version-history":[{"count":1,"href":"https:\/\/www.elgrillitosuena.com\/inicio\/wp-json\/wp\/v2\/posts\/4540\/revisions"}],"predecessor-version":[{"id":4542,"href":"https:\/\/www.elgrillitosuena.com\/inicio\/wp-json\/wp\/v2\/posts\/4540\/revisions\/4542"}],"wp:featuredmedia":[{"embeddable":true,"href":"https:\/\/www.elgrillitosuena.com\/inicio\/wp-json\/wp\/v2\/media\/4541"}],"wp:attachment":[{"href":"https:\/\/www.elgrillitosuena.com\/inicio\/wp-json\/wp\/v2\/media?parent=4540"}],"wp:term":[{"taxonomy":"category","embeddable":true,"href":"https:\/\/www.elgrillitosuena.com\/inicio\/wp-json\/wp\/v2\/categories?post=4540"},{"taxonomy":"post_tag","embeddable":true,"href":"https:\/\/www.elgrillitosuena.com\/inicio\/wp-json\/wp\/v2\/tags?post=4540"}],"curies":[{"name":"wp","href":"https:\/\/api.w.org\/{rel}","templated":true}]}}