{"id":4528,"date":"2021-02-21T12:30:43","date_gmt":"2021-02-21T12:30:43","guid":{"rendered":"https:\/\/www.elgrillitosuena.com\/inicio\/?p=4528"},"modified":"2021-02-21T17:06:29","modified_gmt":"2021-02-21T17:06:29","slug":"danna-paola-regresa-a-disney-para-dar-voz-a-raya","status":"publish","type":"post","link":"https:\/\/www.elgrillitosuena.com\/inicio\/life-style\/espectaculos\/danna-paola-regresa-a-disney-para-dar-voz-a-raya\/","title":{"rendered":"Danna Paola regresa a Disney para dar voz a Raya"},"content":{"rendered":"<p>Tras su faceta rebelde en la serie espa\u00f1ola \u2018\u00c9lite\u2019, Danna Paola vuelve a Disney para darle a voz a Raya<\/p>\n<p><img decoding=\"async\" loading=\"lazy\" class=\"alignnone size-full wp-image-4529\" src=\"https:\/\/www.elgrillitosuena.com\/inicio\/wp-content\/uploads\/2021\/02\/A1DANNA.jpg\" alt=\"\" width=\"768\" height=\"550\" srcset=\"https:\/\/www.elgrillitosuena.com\/inicio\/wp-content\/uploads\/2021\/02\/A1DANNA.jpg 768w, https:\/\/www.elgrillitosuena.com\/inicio\/wp-content\/uploads\/2021\/02\/A1DANNA-300x215.jpg 300w\" sizes=\"(max-width: 768px) 100vw, 768px\" \/><\/p>\n<p>Los paralelismos entre la ficci\u00f3n y la realidad son m\u00e1s que sorprendentes, sobretodo cuando los papeles de quienes fueron estrellas infantiles maduran y se transforman a la par de sus int\u00e9rpretes, tal como sucede con Danna Paola.<\/p>\n<p>En 2010, tras el final de la telenovela \u2018Atr\u00e9vete a So\u00f1ar\u2019, la actriz mexicana obtuvo un hito en su carrera al ser seleccionada para darle voz a la princesa Rapunzel en la pel\u00edcula de Disney \u2018Enredados\u2019. Este 2021, a sus 25 a\u00f1os de edad, Danna Paola regresa a trabajar a la compa\u00f1\u00eda estadounidense en un rol completamente distinto.<\/p>\n<p>Despu\u00e9s de mostrar una faceta actoral rebelde, oscura y madura en la serie espa\u00f1ola \u2018\u00c9lite\u2019 de Netflix con su personaje de Lu, que dista mucho de la peque\u00f1a ni\u00f1a que salt\u00f3 a la fama por telenovelas como \u2018Mar\u00eda Bel\u00e9n\u2019 (2001), la int\u00e9rprete vuelve a Disney en la piel de Raya, una guerrera solitaria, en la cinta \u2018Raya y el \u00faltimo drag\u00f3n\u2019.<\/p>\n<p>Seg\u00fan anunci\u00f3 la empresa de entretenimiento, la tambi\u00e9n cantante y compositora formar\u00e1 parte de la banda sonora en espa\u00f1ol de la pel\u00edcula y le pondr\u00e1 voz a la protagonista, en la versi\u00f3n para Espa\u00f1a y Latinoam\u00e9rica.<\/p>\n<blockquote><p>\u201cEl proceso fue muy divertido. El regresar a hacer doblaje despu\u00e9s de tantos a\u00f1os, para m\u00ed era como encontrarle una voz distinta, obviamente, para que no sonara ni a Danna ni a otro personaje. Es una voz mucho m\u00e1s dura, un poquito m\u00e1s grave (\u2026) Creo que Raya se ha vuelto de mis personajes favoritos\u201d, expres\u00f3 Danna Paola durante el anuncio oficial de su participaci\u00f3n.<\/p><\/blockquote>\n<blockquote><p>\u201cPara m\u00ed el haber recibido la propuesta de hacer casting para Raya y de interpretar a este personaje, una guerrera independiente, y de contar una historia tan bella, es de verdad un regalo y un sue\u00f1o hecho realidad\u201d, agreg\u00f3.<\/p><\/blockquote>\n<p>\u2018Raya y el \u00daltimo Drag\u00f3n\u2019 se estrenar\u00e1 en Latinoam\u00e9rica a trav\u00e9s de la plataforma de streaming Disney+ el 5 de marzo y tendr\u00e1 un costo de 329 pesos. En esta historia los espectadores conocer\u00e1n el mundo de fantas\u00eda de Kumandra donde humanos y dragones vivieron juntos hace mucho tiempo en perfecta armon\u00eda, hasta que unas fuerzas del mal amenazaron el territorio y los dragones se sacrificaron para salvar a la humanidad.<\/p>\n<blockquote><p>\u201cEs una pel\u00edcula de acci\u00f3n, con comedia, con una base muy importante que es el amor, la amistad; es una pel\u00edcula que adem\u00e1s de pasar un buen rato, vas a aprender mucho. El mensaje m\u00e1s importante de la pel\u00edcula es la uni\u00f3n y la confianza\u201d, dijo.<\/p><\/blockquote>\n","protected":false},"excerpt":{"rendered":"<p>Tras su faceta rebelde en la serie espa\u00f1ola \u2018\u00c9lite\u2019, Danna Paola vuelve a Disney para darle a voz a Raya Los paralelismos entre la ficci\u00f3n y la realidad son m\u00e1s que sorprendentes, sobretodo cuando los papeles de quienes fueron estrellas infantiles maduran y se transforman a la par de sus int\u00e9rpretes, tal como sucede con &hellip;<\/p>\n","protected":false},"author":2,"featured_media":4529,"comment_status":"open","ping_status":"closed","sticky":false,"template":"","format":"standard","meta":[],"categories":[44],"tags":[826,211,86,156],"_links":{"self":[{"href":"https:\/\/www.elgrillitosuena.com\/inicio\/wp-json\/wp\/v2\/posts\/4528"}],"collection":[{"href":"https:\/\/www.elgrillitosuena.com\/inicio\/wp-json\/wp\/v2\/posts"}],"about":[{"href":"https:\/\/www.elgrillitosuena.com\/inicio\/wp-json\/wp\/v2\/types\/post"}],"author":[{"embeddable":true,"href":"https:\/\/www.elgrillitosuena.com\/inicio\/wp-json\/wp\/v2\/users\/2"}],"replies":[{"embeddable":true,"href":"https:\/\/www.elgrillitosuena.com\/inicio\/wp-json\/wp\/v2\/comments?post=4528"}],"version-history":[{"count":1,"href":"https:\/\/www.elgrillitosuena.com\/inicio\/wp-json\/wp\/v2\/posts\/4528\/revisions"}],"predecessor-version":[{"id":4530,"href":"https:\/\/www.elgrillitosuena.com\/inicio\/wp-json\/wp\/v2\/posts\/4528\/revisions\/4530"}],"wp:featuredmedia":[{"embeddable":true,"href":"https:\/\/www.elgrillitosuena.com\/inicio\/wp-json\/wp\/v2\/media\/4529"}],"wp:attachment":[{"href":"https:\/\/www.elgrillitosuena.com\/inicio\/wp-json\/wp\/v2\/media?parent=4528"}],"wp:term":[{"taxonomy":"category","embeddable":true,"href":"https:\/\/www.elgrillitosuena.com\/inicio\/wp-json\/wp\/v2\/categories?post=4528"},{"taxonomy":"post_tag","embeddable":true,"href":"https:\/\/www.elgrillitosuena.com\/inicio\/wp-json\/wp\/v2\/tags?post=4528"}],"curies":[{"name":"wp","href":"https:\/\/api.w.org\/{rel}","templated":true}]}}