{"id":4484,"date":"2021-02-20T14:00:28","date_gmt":"2021-02-20T14:00:28","guid":{"rendered":"https:\/\/www.elgrillitosuena.com\/inicio\/?p=4484"},"modified":"2021-02-20T03:06:32","modified_gmt":"2021-02-20T03:06:32","slug":"en-marzo-si-habra-feria-del-libro-en-michoacan","status":"publish","type":"post","link":"https:\/\/www.elgrillitosuena.com\/inicio\/noticias\/cultura\/en-marzo-si-habra-feria-del-libro-en-michoacan\/","title":{"rendered":"En marzo, s\u00ed habr\u00e1 feria del libro en Michoac\u00e1n"},"content":{"rendered":"<p>La Secretar\u00eda de Cultura de Michoac\u00e1n (<strong>Secum<\/strong>) anunci\u00f3 en un comunicado dado a conocer a la prensa que la<strong> XII Feria Nacional del Libro y la Lectura Michoac\u00e1n 21<\/strong> se pospondr\u00e1 para marzo y tentativamente se lleve a cabo durante el tercer fin de semana de ese mes.<\/p>\n<p>En la informaci\u00f3n se precisa que la feria, prevista inicialmente para celebrarse entre el 19 y el 21 del presente mes, espera contar con la presencia de <strong>50 editoriales y casas de lectura<\/strong>, y en ella se ofrecer\u00e1n de manera simult\u00e1nea conferencias, conversatorios, talleres, recitales y presentaciones de libros.<\/p>\n<p><img decoding=\"async\" loading=\"lazy\" class=\"alignnone size-full wp-image-4485\" src=\"https:\/\/www.elgrillitosuena.com\/inicio\/wp-content\/uploads\/2021\/02\/A1LITERATURA.jpg\" alt=\"\" width=\"1068\" height=\"667\" srcset=\"https:\/\/www.elgrillitosuena.com\/inicio\/wp-content\/uploads\/2021\/02\/A1LITERATURA.jpg 1068w, https:\/\/www.elgrillitosuena.com\/inicio\/wp-content\/uploads\/2021\/02\/A1LITERATURA-300x187.jpg 300w, https:\/\/www.elgrillitosuena.com\/inicio\/wp-content\/uploads\/2021\/02\/A1LITERATURA-1024x640.jpg 1024w, https:\/\/www.elgrillitosuena.com\/inicio\/wp-content\/uploads\/2021\/02\/A1LITERATURA-768x480.jpg 768w\" sizes=\"(max-width: 1068px) 100vw, 1068px\" \/><\/p>\n<p>A pesar de ello, <strong>Alejandro Mora<\/strong>, presidente de la <strong>Asociaci\u00f3n de Libreros Michoacanos de Ocasi\u00f3n<\/strong>, denunci\u00f3 en una entrevista con medios de comunicaci\u00f3n, que el foro literario <strong>durar\u00e1 s\u00f3lo 3 d\u00edas<\/strong> por lo que \u201cparece que lo est\u00e1n haciendo s\u00f3lo por cumplir\u201d.<\/p>\n<p>El tambi\u00e9n due\u00f1o de la librer\u00eda Ju\u00e1rez, anunci\u00f3 que \u00e9l y sus socios no aceptaron participar en esta edici\u00f3n de la feria por considerar que, debido a su corta extensi\u00f3n, esta no es redituable, adem\u00e1s, enfatiz\u00f3 que \u201cno hay piso parejo para competir\u201d, pues los libreros de ocasi\u00f3n suelen ser relegados a lugares pocos visibles en favor de las librer\u00edas concesionadas.<\/p>\n<p>Cabe recordar que <strong>desde hace 2 a\u00f1os<\/strong> en Morelia no se efect\u00faa una fiesta del libro. En 2019 la <strong>Secum<\/strong> no realiz\u00f3 el evento con la excusa de no contar con recursos y en 2020 la cita fue suspendido a causa de la contingencia sanitaria.<\/p>\n","protected":false},"excerpt":{"rendered":"<p>La Secretar\u00eda de Cultura de Michoac\u00e1n (Secum) anunci\u00f3 en un comunicado dado a conocer a la prensa que la XII Feria Nacional del Libro y la Lectura Michoac\u00e1n 21 se pospondr\u00e1 para marzo y tentativamente se lleve a cabo durante el tercer fin de semana de ese mes. En la informaci\u00f3n se precisa que la &hellip;<\/p>\n","protected":false},"author":2,"featured_media":4485,"comment_status":"open","ping_status":"closed","sticky":false,"template":"","format":"standard","meta":[],"categories":[43],"tags":[201,1202,1201,253,56],"_links":{"self":[{"href":"https:\/\/www.elgrillitosuena.com\/inicio\/wp-json\/wp\/v2\/posts\/4484"}],"collection":[{"href":"https:\/\/www.elgrillitosuena.com\/inicio\/wp-json\/wp\/v2\/posts"}],"about":[{"href":"https:\/\/www.elgrillitosuena.com\/inicio\/wp-json\/wp\/v2\/types\/post"}],"author":[{"embeddable":true,"href":"https:\/\/www.elgrillitosuena.com\/inicio\/wp-json\/wp\/v2\/users\/2"}],"replies":[{"embeddable":true,"href":"https:\/\/www.elgrillitosuena.com\/inicio\/wp-json\/wp\/v2\/comments?post=4484"}],"version-history":[{"count":1,"href":"https:\/\/www.elgrillitosuena.com\/inicio\/wp-json\/wp\/v2\/posts\/4484\/revisions"}],"predecessor-version":[{"id":4486,"href":"https:\/\/www.elgrillitosuena.com\/inicio\/wp-json\/wp\/v2\/posts\/4484\/revisions\/4486"}],"wp:featuredmedia":[{"embeddable":true,"href":"https:\/\/www.elgrillitosuena.com\/inicio\/wp-json\/wp\/v2\/media\/4485"}],"wp:attachment":[{"href":"https:\/\/www.elgrillitosuena.com\/inicio\/wp-json\/wp\/v2\/media?parent=4484"}],"wp:term":[{"taxonomy":"category","embeddable":true,"href":"https:\/\/www.elgrillitosuena.com\/inicio\/wp-json\/wp\/v2\/categories?post=4484"},{"taxonomy":"post_tag","embeddable":true,"href":"https:\/\/www.elgrillitosuena.com\/inicio\/wp-json\/wp\/v2\/tags?post=4484"}],"curies":[{"name":"wp","href":"https:\/\/api.w.org\/{rel}","templated":true}]}}