{"id":4480,"date":"2021-02-20T13:00:21","date_gmt":"2021-02-20T13:00:21","guid":{"rendered":"https:\/\/www.elgrillitosuena.com\/inicio\/?p=4480"},"modified":"2021-02-20T02:50:43","modified_gmt":"2021-02-20T02:50:43","slug":"excelente-participacion-michoacana-en-la-nacional-de-taekwondo-hugo-hernandez","status":"publish","type":"post","link":"https:\/\/www.elgrillitosuena.com\/inicio\/noticias\/deportes\/excelente-participacion-michoacana-en-la-nacional-de-taekwondo-hugo-hernandez\/","title":{"rendered":"Excelente participaci\u00f3n michoacana en la nacional de taekwondo: Hugo Hern\u00e1ndez"},"content":{"rendered":"<p class=\"has-drop-cap\">Como excelente participaci\u00f3n, calific\u00f3 el entrenador de taekwondo, <strong>Hugo Hern\u00e1ndez<\/strong>, de la selecci\u00f3n michoacana en el <strong>Campeonato Nacional<\/strong> de la disciplina, donde ninguno de los atletas de la entidad logr\u00f3 subir al p\u00f3dium.<\/p>\n<p>En entrevista con medios de comunicaci\u00f3n,\u00a0el entrenador se\u00f1al\u00f3 que se trat\u00f3 de una competencia de alto nivel, donde se dieron cita 250 atletas de la categor\u00eda sub-20 de todos los estados de la Rep\u00fablica. Seguidamente destac\u00f3:<\/p>\n<p><img decoding=\"async\" loading=\"lazy\" class=\"alignnone size-full wp-image-4481\" src=\"https:\/\/www.elgrillitosuena.com\/inicio\/wp-content\/uploads\/2021\/02\/A1TAEKWONDO.jpg\" alt=\"\" width=\"1068\" height=\"558\" srcset=\"https:\/\/www.elgrillitosuena.com\/inicio\/wp-content\/uploads\/2021\/02\/A1TAEKWONDO.jpg 1068w, https:\/\/www.elgrillitosuena.com\/inicio\/wp-content\/uploads\/2021\/02\/A1TAEKWONDO-300x157.jpg 300w, https:\/\/www.elgrillitosuena.com\/inicio\/wp-content\/uploads\/2021\/02\/A1TAEKWONDO-1024x535.jpg 1024w, https:\/\/www.elgrillitosuena.com\/inicio\/wp-content\/uploads\/2021\/02\/A1TAEKWONDO-768x401.jpg 768w\" sizes=\"(max-width: 1068px) 100vw, 1068px\" \/><\/p>\n<blockquote><p>\u201cEl primer d\u00eda, en la categor\u00eda de 80 kilos, tuvimos dos muchachos y perdieron en primera y segunda ronda, pero pelearon muy bien tras haber estado un a\u00f1o sin ninguna competencia. El segundo d\u00eda vieron acci\u00f3n ocho michoacanos, pero ninguno de ellos logr\u00f3 medalla, aunque hicieron un papel digno\u201d.<\/p><\/blockquote>\n<p><img decoding=\"async\" loading=\"lazy\" class=\"alignnone size-full wp-image-4482\" src=\"https:\/\/www.elgrillitosuena.com\/inicio\/wp-content\/uploads\/2021\/02\/A2TAEKWONDO.jpg\" alt=\"\" width=\"1280\" height=\"640\" srcset=\"https:\/\/www.elgrillitosuena.com\/inicio\/wp-content\/uploads\/2021\/02\/A2TAEKWONDO.jpg 1280w, https:\/\/www.elgrillitosuena.com\/inicio\/wp-content\/uploads\/2021\/02\/A2TAEKWONDO-300x150.jpg 300w, https:\/\/www.elgrillitosuena.com\/inicio\/wp-content\/uploads\/2021\/02\/A2TAEKWONDO-1024x512.jpg 1024w, https:\/\/www.elgrillitosuena.com\/inicio\/wp-content\/uploads\/2021\/02\/A2TAEKWONDO-768x384.jpg 768w, https:\/\/www.elgrillitosuena.com\/inicio\/wp-content\/uploads\/2021\/02\/A2TAEKWONDO-660x330.jpg 660w, https:\/\/www.elgrillitosuena.com\/inicio\/wp-content\/uploads\/2021\/02\/A2TAEKWONDO-1050x525.jpg 1050w\" sizes=\"(max-width: 1280px) 100vw, 1280px\" \/><\/p>\n<p>Record\u00f3 que el nivel de<strong> taekwondo en M\u00e9xico<\/strong> es muy elevado, y aunque no se consigui\u00f3 ning\u00fan boleto para la selecci\u00f3n nacional, la asistencia de sus luchadores a esta competencia les dio un fogueo importante de <strong>cara a pr\u00f3ximas competencias<\/strong>. Adem\u00e1s, enfatiz\u00f3:<\/p>\n<blockquote><p>\u201cVolvi\u00f3 la adrenalina y todo eso ya lo necesit\u00e1bamos, estuvimos en el hotel esperando la competencia, pas\u00e1ndola tranquilos y al final creo que el balance es positivo para Michoac\u00e1n\u201d.<\/p><\/blockquote>\n","protected":false},"excerpt":{"rendered":"<p>Como excelente participaci\u00f3n, calific\u00f3 el entrenador de taekwondo, Hugo Hern\u00e1ndez, de la selecci\u00f3n michoacana en el Campeonato Nacional de la disciplina, donde ninguno de los atletas de la entidad logr\u00f3 subir al p\u00f3dium. En entrevista con medios de comunicaci\u00f3n,\u00a0el entrenador se\u00f1al\u00f3 que se trat\u00f3 de una competencia de alto nivel, donde se dieron cita 250 &hellip;<\/p>\n","protected":false},"author":2,"featured_media":4482,"comment_status":"open","ping_status":"closed","sticky":false,"template":"","format":"standard","meta":[],"categories":[45],"tags":[56,1200],"_links":{"self":[{"href":"https:\/\/www.elgrillitosuena.com\/inicio\/wp-json\/wp\/v2\/posts\/4480"}],"collection":[{"href":"https:\/\/www.elgrillitosuena.com\/inicio\/wp-json\/wp\/v2\/posts"}],"about":[{"href":"https:\/\/www.elgrillitosuena.com\/inicio\/wp-json\/wp\/v2\/types\/post"}],"author":[{"embeddable":true,"href":"https:\/\/www.elgrillitosuena.com\/inicio\/wp-json\/wp\/v2\/users\/2"}],"replies":[{"embeddable":true,"href":"https:\/\/www.elgrillitosuena.com\/inicio\/wp-json\/wp\/v2\/comments?post=4480"}],"version-history":[{"count":1,"href":"https:\/\/www.elgrillitosuena.com\/inicio\/wp-json\/wp\/v2\/posts\/4480\/revisions"}],"predecessor-version":[{"id":4483,"href":"https:\/\/www.elgrillitosuena.com\/inicio\/wp-json\/wp\/v2\/posts\/4480\/revisions\/4483"}],"wp:featuredmedia":[{"embeddable":true,"href":"https:\/\/www.elgrillitosuena.com\/inicio\/wp-json\/wp\/v2\/media\/4482"}],"wp:attachment":[{"href":"https:\/\/www.elgrillitosuena.com\/inicio\/wp-json\/wp\/v2\/media?parent=4480"}],"wp:term":[{"taxonomy":"category","embeddable":true,"href":"https:\/\/www.elgrillitosuena.com\/inicio\/wp-json\/wp\/v2\/categories?post=4480"},{"taxonomy":"post_tag","embeddable":true,"href":"https:\/\/www.elgrillitosuena.com\/inicio\/wp-json\/wp\/v2\/tags?post=4480"}],"curies":[{"name":"wp","href":"https:\/\/api.w.org\/{rel}","templated":true}]}}