{"id":4379,"date":"2021-02-18T20:52:48","date_gmt":"2021-02-18T20:52:48","guid":{"rendered":"https:\/\/www.elgrillitosuena.com\/inicio\/?p=4379"},"modified":"2021-02-18T20:52:48","modified_gmt":"2021-02-18T20:52:48","slug":"morelia-fuente-de-las-tarascas-amanece-con-memorial-de-maria-jose","status":"publish","type":"post","link":"https:\/\/www.elgrillitosuena.com\/inicio\/noticias\/michoacan\/morelia-fuente-de-las-tarascas-amanece-con-memorial-de-maria-jose\/","title":{"rendered":"Morelia: Fuente de las tarascas amanece con memorial de Maria Jos\u00e9"},"content":{"rendered":"<p class=\"entry-sub-title\">A <strong>cuatro a\u00f1os<\/strong> del feminicidio de la joven <strong>estudiante de veterinaria<\/strong>, varias mujeres salieron a manifestarse para exigir justicia. <strong>Maria Jos\u00e9<\/strong> desapareci\u00f3 el<strong> 17 de febrero del 2017,\u00a0<\/strong>un d\u00eda despu\u00e9s fue localizada a borde de la carretera <strong>Morelia &#8211; At\u00e9cuaro<\/strong> donde fue abandonada.<\/p>\n<p><img decoding=\"async\" loading=\"lazy\" class=\"alignnone size-full wp-image-4381\" src=\"https:\/\/www.elgrillitosuena.com\/inicio\/wp-content\/uploads\/2021\/02\/A1MARIJO.jpg\" alt=\"\" width=\"1024\" height=\"682\" srcset=\"https:\/\/www.elgrillitosuena.com\/inicio\/wp-content\/uploads\/2021\/02\/A1MARIJO.jpg 1024w, https:\/\/www.elgrillitosuena.com\/inicio\/wp-content\/uploads\/2021\/02\/A1MARIJO-300x200.jpg 300w, https:\/\/www.elgrillitosuena.com\/inicio\/wp-content\/uploads\/2021\/02\/A1MARIJO-768x512.jpg 768w, https:\/\/www.elgrillitosuena.com\/inicio\/wp-content\/uploads\/2021\/02\/A1MARIJO-310x205.jpg 310w\" sizes=\"(max-width: 1024px) 100vw, 1024px\" \/><\/p>\n<p>La tarde de <strong>hoy<\/strong>\u00a0ser\u00e1 recordada, se har\u00e1 un <strong>memorial a las 6:30\u00a0de la tarde<\/strong> frente a <strong>Palacio de Gobierno<\/strong>, la colectiva que est\u00e1 citando ha manifestado en sus <strong>redes sociales<\/strong> que tambi\u00e9n se estar\u00e1 pidiendo justicia desde la\u00a0<b>Antimonumental <\/b>de la CDMX, frente al <strong>Palacio de Bellas Artes<\/strong>, lugar al que tambi\u00e9n se llevar\u00e1n flores y veladoras, donde las mujeres pedir\u00e1n justicia por el feminicidio que hasta el <strong>d\u00eda de hoy contin\u00faa impune.<\/strong><\/p>\n<p><img decoding=\"async\" loading=\"lazy\" class=\"alignnone size-full wp-image-4382\" src=\"https:\/\/www.elgrillitosuena.com\/inicio\/wp-content\/uploads\/2021\/02\/A2MARIJO.jpg\" alt=\"\" width=\"1024\" height=\"682\" srcset=\"https:\/\/www.elgrillitosuena.com\/inicio\/wp-content\/uploads\/2021\/02\/A2MARIJO.jpg 1024w, https:\/\/www.elgrillitosuena.com\/inicio\/wp-content\/uploads\/2021\/02\/A2MARIJO-300x200.jpg 300w, https:\/\/www.elgrillitosuena.com\/inicio\/wp-content\/uploads\/2021\/02\/A2MARIJO-768x512.jpg 768w, https:\/\/www.elgrillitosuena.com\/inicio\/wp-content\/uploads\/2021\/02\/A2MARIJO-310x205.jpg 310w\" sizes=\"(max-width: 1024px) 100vw, 1024px\" \/><\/p>\n","protected":false},"excerpt":{"rendered":"<p>A cuatro a\u00f1os del feminicidio de la joven estudiante de veterinaria, varias mujeres salieron a manifestarse para exigir justicia. Maria Jos\u00e9 desapareci\u00f3 el 17 de febrero del 2017,\u00a0un d\u00eda despu\u00e9s fue localizada a borde de la carretera Morelia &#8211; At\u00e9cuaro donde fue abandonada. La tarde de hoy\u00a0ser\u00e1 recordada, se har\u00e1 un memorial a las 6:30\u00a0de &hellip;<\/p>\n","protected":false},"author":2,"featured_media":4381,"comment_status":"open","ping_status":"closed","sticky":false,"template":"","format":"standard","meta":[],"categories":[38],"tags":[1079,203,1167,1166],"_links":{"self":[{"href":"https:\/\/www.elgrillitosuena.com\/inicio\/wp-json\/wp\/v2\/posts\/4379"}],"collection":[{"href":"https:\/\/www.elgrillitosuena.com\/inicio\/wp-json\/wp\/v2\/posts"}],"about":[{"href":"https:\/\/www.elgrillitosuena.com\/inicio\/wp-json\/wp\/v2\/types\/post"}],"author":[{"embeddable":true,"href":"https:\/\/www.elgrillitosuena.com\/inicio\/wp-json\/wp\/v2\/users\/2"}],"replies":[{"embeddable":true,"href":"https:\/\/www.elgrillitosuena.com\/inicio\/wp-json\/wp\/v2\/comments?post=4379"}],"version-history":[{"count":1,"href":"https:\/\/www.elgrillitosuena.com\/inicio\/wp-json\/wp\/v2\/posts\/4379\/revisions"}],"predecessor-version":[{"id":4383,"href":"https:\/\/www.elgrillitosuena.com\/inicio\/wp-json\/wp\/v2\/posts\/4379\/revisions\/4383"}],"wp:featuredmedia":[{"embeddable":true,"href":"https:\/\/www.elgrillitosuena.com\/inicio\/wp-json\/wp\/v2\/media\/4381"}],"wp:attachment":[{"href":"https:\/\/www.elgrillitosuena.com\/inicio\/wp-json\/wp\/v2\/media?parent=4379"}],"wp:term":[{"taxonomy":"category","embeddable":true,"href":"https:\/\/www.elgrillitosuena.com\/inicio\/wp-json\/wp\/v2\/categories?post=4379"},{"taxonomy":"post_tag","embeddable":true,"href":"https:\/\/www.elgrillitosuena.com\/inicio\/wp-json\/wp\/v2\/tags?post=4379"}],"curies":[{"name":"wp","href":"https:\/\/api.w.org\/{rel}","templated":true}]}}