{"id":4376,"date":"2021-02-18T18:15:58","date_gmt":"2021-02-18T18:15:58","guid":{"rendered":"https:\/\/www.elgrillitosuena.com\/inicio\/?p=4376"},"modified":"2021-02-18T18:15:58","modified_gmt":"2021-02-18T18:15:58","slug":"beneficiara-a-la-ciudadania-el-programa-juntos-moviendo-uruapan","status":"publish","type":"post","link":"https:\/\/www.elgrillitosuena.com\/inicio\/noticias\/uruapan\/beneficiara-a-la-ciudadania-el-programa-juntos-moviendo-uruapan\/","title":{"rendered":"Beneficiara a la ciudadan\u00eda el programa Juntos Moviendo Uruapan"},"content":{"rendered":"<p>El Gobierno Municipal a trav\u00e9s de la <strong>Secretar\u00eda de Cultura<\/strong> realizaron la convocatoria para participar en <strong>Juntos Moviendo Uruapan\u00a0<\/strong>un evento que es para una buena y noble causa, con el prop\u00f3sito de recaudar fondos para adquirir <strong>una ambulancia de cuidados intensivos. <\/strong>En el cual, se ver\u00e1 beneficiada la ciudadan\u00eda Uruapense para el cuidado a la salud.<\/p>\n<p><img decoding=\"async\" loading=\"lazy\" class=\"alignnone size-full wp-image-4377\" src=\"https:\/\/www.elgrillitosuena.com\/inicio\/wp-content\/uploads\/2021\/02\/GOBIERNO.png\" alt=\"\" width=\"503\" height=\"720\" \/><\/p>\n<p>La invitaci\u00f3n fue lanzada para artistas locales y del Estado de Michoac\u00e1n, esto con el objetivo de que contribuyan a la donaci\u00f3n de piezas art\u00edsticas para la <strong>subasta con causa,\u00a0<\/strong>misma que se llevar\u00e1 a cabo el d\u00eda 28 de febrero a las 19:00 horas en la <strong>Casa de la Cultura<\/strong> ubicada en el Centro Hist\u00f3rico de la ciudad.<\/p>\n","protected":false},"excerpt":{"rendered":"<p>El Gobierno Municipal a trav\u00e9s de la Secretar\u00eda de Cultura realizaron la convocatoria para participar en Juntos Moviendo Uruapan\u00a0un evento que es para una buena y noble causa, con el prop\u00f3sito de recaudar fondos para adquirir una ambulancia de cuidados intensivos. En el cual, se ver\u00e1 beneficiada la ciudadan\u00eda Uruapense para el cuidado a la &hellip;<\/p>\n","protected":false},"author":2,"featured_media":4377,"comment_status":"open","ping_status":"closed","sticky":false,"template":"","format":"standard","meta":[],"categories":[37],"tags":[1164,903,1165,63],"_links":{"self":[{"href":"https:\/\/www.elgrillitosuena.com\/inicio\/wp-json\/wp\/v2\/posts\/4376"}],"collection":[{"href":"https:\/\/www.elgrillitosuena.com\/inicio\/wp-json\/wp\/v2\/posts"}],"about":[{"href":"https:\/\/www.elgrillitosuena.com\/inicio\/wp-json\/wp\/v2\/types\/post"}],"author":[{"embeddable":true,"href":"https:\/\/www.elgrillitosuena.com\/inicio\/wp-json\/wp\/v2\/users\/2"}],"replies":[{"embeddable":true,"href":"https:\/\/www.elgrillitosuena.com\/inicio\/wp-json\/wp\/v2\/comments?post=4376"}],"version-history":[{"count":1,"href":"https:\/\/www.elgrillitosuena.com\/inicio\/wp-json\/wp\/v2\/posts\/4376\/revisions"}],"predecessor-version":[{"id":4378,"href":"https:\/\/www.elgrillitosuena.com\/inicio\/wp-json\/wp\/v2\/posts\/4376\/revisions\/4378"}],"wp:featuredmedia":[{"embeddable":true,"href":"https:\/\/www.elgrillitosuena.com\/inicio\/wp-json\/wp\/v2\/media\/4377"}],"wp:attachment":[{"href":"https:\/\/www.elgrillitosuena.com\/inicio\/wp-json\/wp\/v2\/media?parent=4376"}],"wp:term":[{"taxonomy":"category","embeddable":true,"href":"https:\/\/www.elgrillitosuena.com\/inicio\/wp-json\/wp\/v2\/categories?post=4376"},{"taxonomy":"post_tag","embeddable":true,"href":"https:\/\/www.elgrillitosuena.com\/inicio\/wp-json\/wp\/v2\/tags?post=4376"}],"curies":[{"name":"wp","href":"https:\/\/api.w.org\/{rel}","templated":true}]}}