{"id":4346,"date":"2021-02-17T18:09:30","date_gmt":"2021-02-17T18:09:30","guid":{"rendered":"https:\/\/www.elgrillitosuena.com\/inicio\/?p=4346"},"modified":"2021-02-17T18:09:30","modified_gmt":"2021-02-17T18:09:30","slug":"nuestro-cabecita-de-algodon-adelantara-4-meses-de-becas-y-pensiones-para-no-interferir-con-veda-electoral","status":"publish","type":"post","link":"https:\/\/www.elgrillitosuena.com\/inicio\/noticias\/mexico\/nuestro-cabecita-de-algodon-adelantara-4-meses-de-becas-y-pensiones-para-no-interferir-con-veda-electoral\/","title":{"rendered":"Nuestro cabecita de algod\u00f3n adelantara 4 meses de becas y pensiones para no interferir con veda electoral"},"content":{"rendered":"<p><img decoding=\"async\" loading=\"lazy\" class=\"alignnone size-full wp-image-4340\" src=\"https:\/\/www.elgrillitosuena.com\/inicio\/wp-content\/uploads\/2021\/02\/amlo-17-feb-640x360-1.jpg\" alt=\"\" width=\"640\" height=\"360\" srcset=\"https:\/\/www.elgrillitosuena.com\/inicio\/wp-content\/uploads\/2021\/02\/amlo-17-feb-640x360-1.jpg 640w, https:\/\/www.elgrillitosuena.com\/inicio\/wp-content\/uploads\/2021\/02\/amlo-17-feb-640x360-1-300x169.jpg 300w\" sizes=\"(max-width: 640px) 100vw, 640px\" \/><\/p>\n<p>Nuestro cabecita de algodon, dio a conocer durante la conferencia ma\u00f1anera que su gobierno adelantar\u00e1 <strong>4 meses de pensiones de adultos mayores y apoyos de programas sociales del Bienestar. <\/strong>Lo anterior para no interferir con el periodo de veda electoral por los comicios del 6 de junio de 2021.<\/p>\n<p><img decoding=\"async\" loading=\"lazy\" class=\"alignnone size-full wp-image-4347\" src=\"https:\/\/www.elgrillitosuena.com\/inicio\/wp-content\/uploads\/2021\/02\/amlo-minimiza-toma-fotos-credenciales-vacunacion-adultos-mayores-1024x529-1.png\" alt=\"\" width=\"1024\" height=\"529\" srcset=\"https:\/\/www.elgrillitosuena.com\/inicio\/wp-content\/uploads\/2021\/02\/amlo-minimiza-toma-fotos-credenciales-vacunacion-adultos-mayores-1024x529-1.png 1024w, https:\/\/www.elgrillitosuena.com\/inicio\/wp-content\/uploads\/2021\/02\/amlo-minimiza-toma-fotos-credenciales-vacunacion-adultos-mayores-1024x529-1-300x155.png 300w, https:\/\/www.elgrillitosuena.com\/inicio\/wp-content\/uploads\/2021\/02\/amlo-minimiza-toma-fotos-credenciales-vacunacion-adultos-mayores-1024x529-1-768x397.png 768w\" sizes=\"(max-width: 1024px) 100vw, 1024px\" \/><\/p>\n<p>El mandatario mencion\u00f3 que esto es <strong>para evitar alg\u00fan tipo de se\u00f1alamiento de promoci\u00f3n de su gobierno<\/strong>, por lo que los apoyos correspondientes a marzo, abril, mayo y junio, deber\u00e1n entregarse durante el <strong>mes de marzo<\/strong>, antes del inicio formal de las campa\u00f1as electorales.<\/p>\n<p>Expuso que la entrega de programas sociales por adelantado abordar\u00e1n las pensiones universales para <strong>adultos mayores<\/strong>, los apoyos de <strong>Sembrando Vida<\/strong>, las becas para estudiantes de nivel medio superior, los montos asignados a becarios de <strong>J\u00f3venes Construyendo el Futuro y<\/strong><br \/>\n<strong>Fertilizante<\/strong><\/p>\n","protected":false},"excerpt":{"rendered":"<p>Nuestro cabecita de algodon, dio a conocer durante la conferencia ma\u00f1anera que su gobierno adelantar\u00e1 4 meses de pensiones de adultos mayores y apoyos de programas sociales del Bienestar. Lo anterior para no interferir con el periodo de veda electoral por los comicios del 6 de junio de 2021. El mandatario mencion\u00f3 que esto es &hellip;<\/p>\n","protected":false},"author":2,"featured_media":4340,"comment_status":"open","ping_status":"closed","sticky":false,"template":"","format":"standard","meta":[],"categories":[39],"tags":[98,1146,1145],"_links":{"self":[{"href":"https:\/\/www.elgrillitosuena.com\/inicio\/wp-json\/wp\/v2\/posts\/4346"}],"collection":[{"href":"https:\/\/www.elgrillitosuena.com\/inicio\/wp-json\/wp\/v2\/posts"}],"about":[{"href":"https:\/\/www.elgrillitosuena.com\/inicio\/wp-json\/wp\/v2\/types\/post"}],"author":[{"embeddable":true,"href":"https:\/\/www.elgrillitosuena.com\/inicio\/wp-json\/wp\/v2\/users\/2"}],"replies":[{"embeddable":true,"href":"https:\/\/www.elgrillitosuena.com\/inicio\/wp-json\/wp\/v2\/comments?post=4346"}],"version-history":[{"count":1,"href":"https:\/\/www.elgrillitosuena.com\/inicio\/wp-json\/wp\/v2\/posts\/4346\/revisions"}],"predecessor-version":[{"id":4349,"href":"https:\/\/www.elgrillitosuena.com\/inicio\/wp-json\/wp\/v2\/posts\/4346\/revisions\/4349"}],"wp:featuredmedia":[{"embeddable":true,"href":"https:\/\/www.elgrillitosuena.com\/inicio\/wp-json\/wp\/v2\/media\/4340"}],"wp:attachment":[{"href":"https:\/\/www.elgrillitosuena.com\/inicio\/wp-json\/wp\/v2\/media?parent=4346"}],"wp:term":[{"taxonomy":"category","embeddable":true,"href":"https:\/\/www.elgrillitosuena.com\/inicio\/wp-json\/wp\/v2\/categories?post=4346"},{"taxonomy":"post_tag","embeddable":true,"href":"https:\/\/www.elgrillitosuena.com\/inicio\/wp-json\/wp\/v2\/tags?post=4346"}],"curies":[{"name":"wp","href":"https:\/\/api.w.org\/{rel}","templated":true}]}}