{"id":4342,"date":"2021-02-17T18:00:14","date_gmt":"2021-02-17T18:00:14","guid":{"rendered":"https:\/\/www.elgrillitosuena.com\/inicio\/?p=4342"},"modified":"2021-02-17T18:00:14","modified_gmt":"2021-02-17T18:00:14","slug":"nuestro-cabecita-de-algodon-minimiza-que-se-tome-fotos-a-ine-de-adultos-mayores-durante-vacunacion","status":"publish","type":"post","link":"https:\/\/www.elgrillitosuena.com\/inicio\/noticias\/mexico\/nuestro-cabecita-de-algodon-minimiza-que-se-tome-fotos-a-ine-de-adultos-mayores-durante-vacunacion\/","title":{"rendered":"Nuestro cabecita de algod\u00f3n minimiza que se tome fotos a INE de adultos mayores durante vacunaci\u00f3n"},"content":{"rendered":"<p><img decoding=\"async\" loading=\"lazy\" class=\"alignnone  wp-image-4347\" src=\"https:\/\/www.elgrillitosuena.com\/inicio\/wp-content\/uploads\/2021\/02\/amlo-minimiza-toma-fotos-credenciales-vacunacion-adultos-mayores-1024x529-1-300x155.png\" alt=\"\" width=\"794\" height=\"410\" srcset=\"https:\/\/www.elgrillitosuena.com\/inicio\/wp-content\/uploads\/2021\/02\/amlo-minimiza-toma-fotos-credenciales-vacunacion-adultos-mayores-1024x529-1-300x155.png 300w, https:\/\/www.elgrillitosuena.com\/inicio\/wp-content\/uploads\/2021\/02\/amlo-minimiza-toma-fotos-credenciales-vacunacion-adultos-mayores-1024x529-1-768x397.png 768w, https:\/\/www.elgrillitosuena.com\/inicio\/wp-content\/uploads\/2021\/02\/amlo-minimiza-toma-fotos-credenciales-vacunacion-adultos-mayores-1024x529-1.png 1024w\" sizes=\"(max-width: 794px) 100vw, 794px\" \/><\/p>\n<p>Nuestro viejito santo Andr\u00e9s Manuel L\u00f3pez Obrador asegur\u00f3 que no hay ninguna intenci\u00f3n ilegal ni perversa en el registro fotogr\u00e1fico que se realiza a adultos mayores durante la aplicaci\u00f3n de la vacuna contra el covid-19.<\/p>\n<p>En su conferencia ma\u00f1anera explic\u00f3 que las fotograf\u00edas son \u00fanicamente para llevar un registro, mientras que la credencial de elector se est\u00e1 pidiendo para demostrar que tienen m\u00e1s de 60 a\u00f1os y que su vacunaci\u00f3n corresponde con su domicilio.<\/p>\n<p>&#8220;Nosotros venimos de una lucha democr\u00e1tica en donde nos opusimos siempre y por convicci\u00f3n nos vamos a seguir oponiendo a la manipulaci\u00f3n, al uso de los programas sociales a las acciones de gobierno con prop\u00f3sitos electorales, no somos iguales.<\/p>\n<p>&#8220;Si pidieron la credencial debe ser para que se identificara a los adultos mayores y en efecto demostraran que tienen m\u00e1s de 60 a\u00f1os, que viven ah\u00ed en el caso de la ciudad los que viven en Cuajimalpa o Magdalena Contreras o Milpa Alta que es donde corresponde, pero no hay ninguna intenci\u00f3n de actuar de manera ilegal y perversa&#8221;, dijo en Palacio Nacional.<\/p>\n<p>L\u00f3pez Obrador coment\u00f3 que traficar con la aplicaci\u00f3n de la vacuna ser\u00eda lo peor que podr\u00eda hacer su gobierno y consider\u00f3 ofensivos este tipo de se\u00f1alamientos, &#8220;como dicen los j\u00f3venes coloquialmente s\u00ed calienta&#8221;.<\/p>\n<p>Por tanto, pidi\u00f3 a la poblaci\u00f3n identificarse, que presenten su credencial para que puedan agilizar el tr\u00e1mite. Asegur\u00f3 que conforme pasen los d\u00edas va a ir mejorando la aplicaci\u00f3n de la vacuna a los adultos mayores y dijo que quien sea sorprendido cometiendo alg\u00fan acto ilegal ser\u00e1 sancionado.<\/p>\n<p>&#8220;Si alguien se pasa de abusivo de listo se tiene que castigar sea quien sea, eso ya no se tolera, no se permite, estamos en otros tiempos, es algo distinto, ya no se llevan a cabo esas pr\u00e1cticas y si quedan vestigios malas costumbres pues se tienen que ir terminando, pero no es la regla, puede ser la excepci\u00f3n, s\u00ed han cambiado las cosas&#8221;, apunt\u00f3.<\/p>\n","protected":false},"excerpt":{"rendered":"<p>Nuestro viejito santo Andr\u00e9s Manuel L\u00f3pez Obrador asegur\u00f3 que no hay ninguna intenci\u00f3n ilegal ni perversa en el registro fotogr\u00e1fico que se realiza a adultos mayores durante la aplicaci\u00f3n de la vacuna contra el covid-19. En su conferencia ma\u00f1anera explic\u00f3 que las fotograf\u00edas son \u00fanicamente para llevar un registro, mientras que la credencial de elector &hellip;<\/p>\n","protected":false},"author":3,"featured_media":4347,"comment_status":"open","ping_status":"closed","sticky":false,"template":"","format":"standard","meta":[],"categories":[39],"tags":[98,126],"_links":{"self":[{"href":"https:\/\/www.elgrillitosuena.com\/inicio\/wp-json\/wp\/v2\/posts\/4342"}],"collection":[{"href":"https:\/\/www.elgrillitosuena.com\/inicio\/wp-json\/wp\/v2\/posts"}],"about":[{"href":"https:\/\/www.elgrillitosuena.com\/inicio\/wp-json\/wp\/v2\/types\/post"}],"author":[{"embeddable":true,"href":"https:\/\/www.elgrillitosuena.com\/inicio\/wp-json\/wp\/v2\/users\/3"}],"replies":[{"embeddable":true,"href":"https:\/\/www.elgrillitosuena.com\/inicio\/wp-json\/wp\/v2\/comments?post=4342"}],"version-history":[{"count":1,"href":"https:\/\/www.elgrillitosuena.com\/inicio\/wp-json\/wp\/v2\/posts\/4342\/revisions"}],"predecessor-version":[{"id":4348,"href":"https:\/\/www.elgrillitosuena.com\/inicio\/wp-json\/wp\/v2\/posts\/4342\/revisions\/4348"}],"wp:featuredmedia":[{"embeddable":true,"href":"https:\/\/www.elgrillitosuena.com\/inicio\/wp-json\/wp\/v2\/media\/4347"}],"wp:attachment":[{"href":"https:\/\/www.elgrillitosuena.com\/inicio\/wp-json\/wp\/v2\/media?parent=4342"}],"wp:term":[{"taxonomy":"category","embeddable":true,"href":"https:\/\/www.elgrillitosuena.com\/inicio\/wp-json\/wp\/v2\/categories?post=4342"},{"taxonomy":"post_tag","embeddable":true,"href":"https:\/\/www.elgrillitosuena.com\/inicio\/wp-json\/wp\/v2\/tags?post=4342"}],"curies":[{"name":"wp","href":"https:\/\/api.w.org\/{rel}","templated":true}]}}