{"id":4339,"date":"2021-02-17T17:51:57","date_gmt":"2021-02-17T17:51:57","guid":{"rendered":"https:\/\/www.elgrillitosuena.com\/inicio\/?p=4339"},"modified":"2021-02-17T17:51:57","modified_gmt":"2021-02-17T17:51:57","slug":"amlo-pide-respetar-candidatura-de-salgado-macedonio-el-pueblo-decide-afirma","status":"publish","type":"post","link":"https:\/\/www.elgrillitosuena.com\/inicio\/noticias\/mexico\/amlo-pide-respetar-candidatura-de-salgado-macedonio-el-pueblo-decide-afirma\/","title":{"rendered":"AMLO pide respetar candidatura de Salgado Macedonio; \u201cel pueblo decide\u201d, afirma"},"content":{"rendered":"<p><img decoding=\"async\" loading=\"lazy\" class=\"alignnone  wp-image-4340\" src=\"https:\/\/www.elgrillitosuena.com\/inicio\/wp-content\/uploads\/2021\/02\/amlo-17-feb-640x360-1-300x169.jpg\" alt=\"\" width=\"795\" height=\"448\" srcset=\"https:\/\/www.elgrillitosuena.com\/inicio\/wp-content\/uploads\/2021\/02\/amlo-17-feb-640x360-1-300x169.jpg 300w, https:\/\/www.elgrillitosuena.com\/inicio\/wp-content\/uploads\/2021\/02\/amlo-17-feb-640x360-1.jpg 640w\" sizes=\"(max-width: 795px) 100vw, 795px\" \/><\/p>\n<p>El presidente Andr\u00e9s Manuel L\u00f3pez Obrador dijo que se debe respetar la candidatura de F\u00e9lix Salgado Macedonio para la gubernatura, pese a las acusaciones en su contra, pues la militancia ya decidi\u00f3 a trav\u00e9s de las encuestas y \u201cel pueblo de Guerrero no es menor de edad\u201d.<\/p>\n<p>En la conferencia ma\u00f1anera, indic\u00f3 que es necesario tomar en cuenta la decisi\u00f3n de la ciudadan\u00eda, pues de lo contrario se estar\u00eda juzgando sin elementos. Adem\u00e1s, record\u00f3 que hay instancias legales que resuelven si alguien comete un delito.<\/p>\n<p>En tanto, pidi\u00f3 que se tome en cuenta el contexto en que se est\u00e1n dando a conocer las acusaciones de abuso sexual contra Salgado Macedonia, y pidi\u00f3 preguntarse de qui\u00e9n provienen los se\u00f1alamientos.<\/p>\n<p>\u201cPrimero hay que tenerle confianza al pueblo, la gente es la que decide, si se hacen encuestas y la gente dice \u2018estoy de acuerdo con esta compa\u00f1era, este compa\u00f1ero\u2019, pienso que se debe de respetar.<\/p>\n<p>La pol\u00edtica es asunto de todos, no de las \u00e9lites\u201d, se\u00f1al\u00f3. L\u00f3pez Obrador explic\u00f3 que es necesario que no se utilicen estos casos con prop\u00f3sitos pol\u00edticos electorales o \u201cpolitiqueros\u201d porque hay otras personas interesadas en obtener la candidatura \u201cporque a m\u00ed me tocaba, aunque no quiso el pueblo de Guerrero\u201d, con el fin de debilitar a sus rivales.<\/p>\n<p>En este sentido, pidi\u00f3 tomar en cuenta los intereses y las personas que se pronuncian por el \u201cqu\u00edtate t\u00fa porque quiero yo\u201d a la candidatura.<\/p>\n<p>Resalt\u00f3 que, aunque siempre hay acusaciones entre pol\u00edticos, en la temporada electoral aumentan las descalificaciones. \u201cCorresponde a la autoridad resolverlo y cuidar que no se utilicen estos casos con prop\u00f3sitos pol\u00edticos electorales o politiqueros, o no quiero yo que sea \u00e9l.<\/p>\n<p>En todo esto siempre hay que preguntar \u2018\u00bfde parte de qui\u00e9n?\u2019 Que la justicia act\u00fae, que se vean si existen elementos, pero tambi\u00e9n que se conozca el contexto, que estamos hablando de una elecci\u00f3n\u201d, puntualiz\u00f3.<\/p>\n","protected":false},"excerpt":{"rendered":"<p>El presidente Andr\u00e9s Manuel L\u00f3pez Obrador dijo que se debe respetar la candidatura de F\u00e9lix Salgado Macedonio para la gubernatura, pese a las acusaciones en su contra, pues la militancia ya decidi\u00f3 a trav\u00e9s de las encuestas y \u201cel pueblo de Guerrero no es menor de edad\u201d. En la conferencia ma\u00f1anera, indic\u00f3 que es necesario &hellip;<\/p>\n","protected":false},"author":3,"featured_media":4340,"comment_status":"open","ping_status":"closed","sticky":false,"template":"","format":"standard","meta":[],"categories":[39],"tags":[98,655,1143],"_links":{"self":[{"href":"https:\/\/www.elgrillitosuena.com\/inicio\/wp-json\/wp\/v2\/posts\/4339"}],"collection":[{"href":"https:\/\/www.elgrillitosuena.com\/inicio\/wp-json\/wp\/v2\/posts"}],"about":[{"href":"https:\/\/www.elgrillitosuena.com\/inicio\/wp-json\/wp\/v2\/types\/post"}],"author":[{"embeddable":true,"href":"https:\/\/www.elgrillitosuena.com\/inicio\/wp-json\/wp\/v2\/users\/3"}],"replies":[{"embeddable":true,"href":"https:\/\/www.elgrillitosuena.com\/inicio\/wp-json\/wp\/v2\/comments?post=4339"}],"version-history":[{"count":1,"href":"https:\/\/www.elgrillitosuena.com\/inicio\/wp-json\/wp\/v2\/posts\/4339\/revisions"}],"predecessor-version":[{"id":4341,"href":"https:\/\/www.elgrillitosuena.com\/inicio\/wp-json\/wp\/v2\/posts\/4339\/revisions\/4341"}],"wp:featuredmedia":[{"embeddable":true,"href":"https:\/\/www.elgrillitosuena.com\/inicio\/wp-json\/wp\/v2\/media\/4340"}],"wp:attachment":[{"href":"https:\/\/www.elgrillitosuena.com\/inicio\/wp-json\/wp\/v2\/media?parent=4339"}],"wp:term":[{"taxonomy":"category","embeddable":true,"href":"https:\/\/www.elgrillitosuena.com\/inicio\/wp-json\/wp\/v2\/categories?post=4339"},{"taxonomy":"post_tag","embeddable":true,"href":"https:\/\/www.elgrillitosuena.com\/inicio\/wp-json\/wp\/v2\/tags?post=4339"}],"curies":[{"name":"wp","href":"https:\/\/api.w.org\/{rel}","templated":true}]}}