{"id":4338,"date":"2021-02-17T17:55:39","date_gmt":"2021-02-17T17:55:39","guid":{"rendered":"https:\/\/www.elgrillitosuena.com\/inicio\/?p=4338"},"modified":"2021-02-17T17:55:39","modified_gmt":"2021-02-17T17:55:39","slug":"cnte-acude-a-palacio-nacional-pese-a-respuesta-negativa-del-gobierno-estatal","status":"publish","type":"post","link":"https:\/\/www.elgrillitosuena.com\/inicio\/noticias\/michoacan\/cnte-acude-a-palacio-nacional-pese-a-respuesta-negativa-del-gobierno-estatal\/","title":{"rendered":"CNTE acude a Palacio Nacional pese a respuesta negativa del Gobierno Estatal"},"content":{"rendered":"<p><img decoding=\"async\" loading=\"lazy\" class=\"alignnone size-full wp-image-4343\" src=\"https:\/\/www.elgrillitosuena.com\/inicio\/wp-content\/uploads\/2021\/02\/A1CASITAS.jpg\" alt=\"\" width=\"1024\" height=\"612\" srcset=\"https:\/\/www.elgrillitosuena.com\/inicio\/wp-content\/uploads\/2021\/02\/A1CASITAS.jpg 1024w, https:\/\/www.elgrillitosuena.com\/inicio\/wp-content\/uploads\/2021\/02\/A1CASITAS-300x179.jpg 300w, https:\/\/www.elgrillitosuena.com\/inicio\/wp-content\/uploads\/2021\/02\/A1CASITAS-768x459.jpg 768w\" sizes=\"(max-width: 1024px) 100vw, 1024px\" \/><\/p>\n<p>La <strong>CNTE<\/strong> Secci\u00f3n <strong>XVIII<\/strong> Michoac\u00e1n encabezada por Gamaliel Guzm\u00e1n Cruz, as\u00ed como estudiantes normalistas pernoctaron frente a las puertas de Palacio Nacional, en exigencia de hablar con nuestro cabecita de algod\u00f3n.<\/p>\n<p><img decoding=\"async\" loading=\"lazy\" class=\"alignnone size-full wp-image-4344\" src=\"https:\/\/www.elgrillitosuena.com\/inicio\/wp-content\/uploads\/2021\/02\/A2CNTE.jpeg\" alt=\"\" width=\"1024\" height=\"461\" srcset=\"https:\/\/www.elgrillitosuena.com\/inicio\/wp-content\/uploads\/2021\/02\/A2CNTE.jpeg 1024w, https:\/\/www.elgrillitosuena.com\/inicio\/wp-content\/uploads\/2021\/02\/A2CNTE-300x135.jpeg 300w, https:\/\/www.elgrillitosuena.com\/inicio\/wp-content\/uploads\/2021\/02\/A2CNTE-768x346.jpeg 768w\" sizes=\"(max-width: 1024px) 100vw, 1024px\" \/><\/p>\n<p>Tras dos semanas y media de las movilizaciones realizadas en la Capital del Estado, y luego de recibir respuesta negativa de las autoridades estatales, decidieron acudir hacia el Palacio Nacional, donde con casitas de campa\u00f1a en pleno Z\u00f3calo Capitalino y con mucho fr\u00edo, levantaron un Plant\u00f3n para dar presi\u00f3n al Gobierno Federal de que se ponga las pilas con nuestro rompecorazones Silvano en pagarles y que los profes puedan regresar a casita con sus familias<\/p>\n","protected":false},"excerpt":{"rendered":"<p>La CNTE Secci\u00f3n XVIII Michoac\u00e1n encabezada por Gamaliel Guzm\u00e1n Cruz, as\u00ed como estudiantes normalistas pernoctaron frente a las puertas de Palacio Nacional, en exigencia de hablar con nuestro cabecita de algod\u00f3n. Tras dos semanas y media de las movilizaciones realizadas en la Capital del Estado, y luego de recibir respuesta negativa de las autoridades estatales, &hellip;<\/p>\n","protected":false},"author":2,"featured_media":4344,"comment_status":"open","ping_status":"closed","sticky":false,"template":"","format":"standard","meta":[],"categories":[38],"tags":[98,347,1144,55],"_links":{"self":[{"href":"https:\/\/www.elgrillitosuena.com\/inicio\/wp-json\/wp\/v2\/posts\/4338"}],"collection":[{"href":"https:\/\/www.elgrillitosuena.com\/inicio\/wp-json\/wp\/v2\/posts"}],"about":[{"href":"https:\/\/www.elgrillitosuena.com\/inicio\/wp-json\/wp\/v2\/types\/post"}],"author":[{"embeddable":true,"href":"https:\/\/www.elgrillitosuena.com\/inicio\/wp-json\/wp\/v2\/users\/2"}],"replies":[{"embeddable":true,"href":"https:\/\/www.elgrillitosuena.com\/inicio\/wp-json\/wp\/v2\/comments?post=4338"}],"version-history":[{"count":1,"href":"https:\/\/www.elgrillitosuena.com\/inicio\/wp-json\/wp\/v2\/posts\/4338\/revisions"}],"predecessor-version":[{"id":4345,"href":"https:\/\/www.elgrillitosuena.com\/inicio\/wp-json\/wp\/v2\/posts\/4338\/revisions\/4345"}],"wp:featuredmedia":[{"embeddable":true,"href":"https:\/\/www.elgrillitosuena.com\/inicio\/wp-json\/wp\/v2\/media\/4344"}],"wp:attachment":[{"href":"https:\/\/www.elgrillitosuena.com\/inicio\/wp-json\/wp\/v2\/media?parent=4338"}],"wp:term":[{"taxonomy":"category","embeddable":true,"href":"https:\/\/www.elgrillitosuena.com\/inicio\/wp-json\/wp\/v2\/categories?post=4338"},{"taxonomy":"post_tag","embeddable":true,"href":"https:\/\/www.elgrillitosuena.com\/inicio\/wp-json\/wp\/v2\/tags?post=4338"}],"curies":[{"name":"wp","href":"https:\/\/api.w.org\/{rel}","templated":true}]}}