{"id":4099,"date":"2021-02-09T20:31:49","date_gmt":"2021-02-09T20:31:49","guid":{"rendered":"https:\/\/www.elgrillitosuena.com\/inicio\/?p=4099"},"modified":"2021-02-09T20:31:49","modified_gmt":"2021-02-09T20:31:49","slug":"michoacan-con-reduccion-en-muertes-por-covid-19-lopez-gatell","status":"publish","type":"post","link":"https:\/\/www.elgrillitosuena.com\/inicio\/noticias\/michoacan\/michoacan-con-reduccion-en-muertes-por-covid-19-lopez-gatell\/","title":{"rendered":"Michoac\u00e1n con reducci\u00f3n en muertes por COVID-19: L\u00f3pez-Gatell"},"content":{"rendered":"<p>Por segundo d\u00eda consecutivo <strong>Michoac\u00e1n<\/strong> mantiene los contagios en casi 300 enfermos diarios<\/p>\n<p><img decoding=\"async\" loading=\"lazy\" class=\"alignnone size-full wp-image-4100\" src=\"https:\/\/www.elgrillitosuena.com\/inicio\/wp-content\/uploads\/2021\/02\/A1Gatell.jpg\" alt=\"\" width=\"1160\" height=\"700\" srcset=\"https:\/\/www.elgrillitosuena.com\/inicio\/wp-content\/uploads\/2021\/02\/A1Gatell.jpg 1160w, https:\/\/www.elgrillitosuena.com\/inicio\/wp-content\/uploads\/2021\/02\/A1Gatell-300x181.jpg 300w, https:\/\/www.elgrillitosuena.com\/inicio\/wp-content\/uploads\/2021\/02\/A1Gatell-1024x618.jpg 1024w, https:\/\/www.elgrillitosuena.com\/inicio\/wp-content\/uploads\/2021\/02\/A1Gatell-768x463.jpg 768w\" sizes=\"(max-width: 1160px) 100vw, 1160px\" \/><\/p>\n<p>Durante la conferencia ma\u00f1anera el subsecretario de Salud, Hugo L\u00f3pez Gatell dio a conocer que en Michoac\u00e1n hay dos semanas con una reducci\u00f3n de decesos por covid-19.<\/p>\n<p>Asimismo, mencion\u00f3 que ya comenz\u00f3 a haber una reducci\u00f3n y que la tendencia se ve que est\u00e1 a sostenida.<\/p>\n<p><img decoding=\"async\" loading=\"lazy\" class=\"alignnone size-full wp-image-4056\" src=\"https:\/\/www.elgrillitosuena.com\/inicio\/wp-content\/uploads\/2021\/02\/silvano-2.jpg\" alt=\"\" width=\"700\" height=\"466\" srcset=\"https:\/\/www.elgrillitosuena.com\/inicio\/wp-content\/uploads\/2021\/02\/silvano-2.jpg 700w, https:\/\/www.elgrillitosuena.com\/inicio\/wp-content\/uploads\/2021\/02\/silvano-2-300x200.jpg 300w, https:\/\/www.elgrillitosuena.com\/inicio\/wp-content\/uploads\/2021\/02\/silvano-2-310x205.jpg 310w\" sizes=\"(max-width: 700px) 100vw, 700px\" \/><\/p>\n<p>Cabe mencionar que por segundo d\u00eda consecutivo Michoac\u00e1n mantiene los contagios en casi 300 enfermos diarios, para el lunes sumaron 296 nuevos casos por COVID-19, cuando en semanas pasadas eran de 400 o m\u00e1s.<\/p>\n<p>Morelia tambi\u00e9n tuvo un ligero descenso en los contagios diarios ya que hoy registr\u00f3 54 cuando en la semana anterior rozaba los 100 enfermos cada d\u00eda.<\/p>\n<p>Las defunciones se vivieron 3 en Zit\u00e1cuaro y Los Reyes, 2 en Cotija y 1 en Morelia, Penjamillo, Apatzing\u00e1n, Uruapan, Brise\u00f1as, Zamora, Tanc\u00edtaro y Tocumbo.<\/p>\n","protected":false},"excerpt":{"rendered":"<p>Por segundo d\u00eda consecutivo Michoac\u00e1n mantiene los contagios en casi 300 enfermos diarios Durante la conferencia ma\u00f1anera el subsecretario de Salud, Hugo L\u00f3pez Gatell dio a conocer que en Michoac\u00e1n hay dos semanas con una reducci\u00f3n de decesos por covid-19. Asimismo, mencion\u00f3 que ya comenz\u00f3 a haber una reducci\u00f3n y que la tendencia se ve &hellip;<\/p>\n","protected":false},"author":2,"featured_media":4100,"comment_status":"open","ping_status":"closed","sticky":false,"template":"","format":"standard","meta":[],"categories":[38],"tags":[72,1027,711],"_links":{"self":[{"href":"https:\/\/www.elgrillitosuena.com\/inicio\/wp-json\/wp\/v2\/posts\/4099"}],"collection":[{"href":"https:\/\/www.elgrillitosuena.com\/inicio\/wp-json\/wp\/v2\/posts"}],"about":[{"href":"https:\/\/www.elgrillitosuena.com\/inicio\/wp-json\/wp\/v2\/types\/post"}],"author":[{"embeddable":true,"href":"https:\/\/www.elgrillitosuena.com\/inicio\/wp-json\/wp\/v2\/users\/2"}],"replies":[{"embeddable":true,"href":"https:\/\/www.elgrillitosuena.com\/inicio\/wp-json\/wp\/v2\/comments?post=4099"}],"version-history":[{"count":1,"href":"https:\/\/www.elgrillitosuena.com\/inicio\/wp-json\/wp\/v2\/posts\/4099\/revisions"}],"predecessor-version":[{"id":4101,"href":"https:\/\/www.elgrillitosuena.com\/inicio\/wp-json\/wp\/v2\/posts\/4099\/revisions\/4101"}],"wp:featuredmedia":[{"embeddable":true,"href":"https:\/\/www.elgrillitosuena.com\/inicio\/wp-json\/wp\/v2\/media\/4100"}],"wp:attachment":[{"href":"https:\/\/www.elgrillitosuena.com\/inicio\/wp-json\/wp\/v2\/media?parent=4099"}],"wp:term":[{"taxonomy":"category","embeddable":true,"href":"https:\/\/www.elgrillitosuena.com\/inicio\/wp-json\/wp\/v2\/categories?post=4099"},{"taxonomy":"post_tag","embeddable":true,"href":"https:\/\/www.elgrillitosuena.com\/inicio\/wp-json\/wp\/v2\/tags?post=4099"}],"curies":[{"name":"wp","href":"https:\/\/api.w.org\/{rel}","templated":true}]}}