{"id":4096,"date":"2021-02-09T18:53:11","date_gmt":"2021-02-09T18:53:11","guid":{"rendered":"https:\/\/www.elgrillitosuena.com\/inicio\/?p=4096"},"modified":"2021-02-09T18:53:11","modified_gmt":"2021-02-09T18:53:11","slug":"muertes-por-covid-19-equivalen-a-desaparicion-de-uruapan-ricardo-anaya","status":"publish","type":"post","link":"https:\/\/www.elgrillitosuena.com\/inicio\/noticias\/mexico\/muertes-por-covid-19-equivalen-a-desaparicion-de-uruapan-ricardo-anaya\/","title":{"rendered":"Muertes por COVID-19 equivalen a desaparici\u00f3n de Uruapan: Ricardo Anaya"},"content":{"rendered":"<p>Critic\u00f3 a nuestro cabecita de algod\u00f3n por no usar el cubrebocas a pesar de ser recientemente portador del virus.<\/p>\n<p><img decoding=\"async\" loading=\"lazy\" class=\"alignnone size-full wp-image-4097\" src=\"https:\/\/www.elgrillitosuena.com\/inicio\/wp-content\/uploads\/2021\/02\/A1RicardoAnaya.jpg\" alt=\"\" width=\"958\" height=\"596\" srcset=\"https:\/\/www.elgrillitosuena.com\/inicio\/wp-content\/uploads\/2021\/02\/A1RicardoAnaya.jpg 958w, https:\/\/www.elgrillitosuena.com\/inicio\/wp-content\/uploads\/2021\/02\/A1RicardoAnaya-300x187.jpg 300w, https:\/\/www.elgrillitosuena.com\/inicio\/wp-content\/uploads\/2021\/02\/A1RicardoAnaya-768x478.jpg 768w\" sizes=\"(max-width: 958px) 100vw, 958px\" \/><\/p>\n<p>En su visita a Uruapan, Michoac\u00e1n, Ricardo Anaya public\u00f3 un nuevo video en redes sociales en el que critica el manejo de la pandemia de COVID-19, pues lament\u00f3 que hayan fallecido m\u00e1s de 300 mil personas, de acuerdo con las cifras de exceso de mortalidad.<\/p>\n<blockquote><p>&#8220;Uruapan es el segundo municipio m\u00e1s grande de todo el estado de Michoac\u00e1n, imag\u00ednate por un momento que muriera toda la poblaci\u00f3n de Uruapan, ve nada m\u00e1s el tama\u00f1o de Uruapan, \u00bfya te lo imaginaste? Pues a eso equivale la mortandad a causa de la pandemia en nuestro pa\u00eds&#8221;, coment\u00f3.<\/p><\/blockquote>\n<p>Agreg\u00f3 que &#8220;de acuerdo con las cifras de exceso de mortalidad han fallecido m\u00e1s de 300 mil personas a causa de la pandemia, y que hoy nos vengan a decir que en todo el mundo es igual, eso es mentira&#8221;.<\/p>\n<p>Indic\u00f3 que el exceso de muertes se debe al mal manejo de la pandemia; &#8220;aqu\u00ed han muerto cientos de miles de personas, por las mentiras e ineptitud del gobierno, esto no ten\u00eda por qu\u00e9 ser as\u00ed&#8221;. Critic\u00f3 al presidente Andr\u00e9s Manuel L\u00f3pez Obrador por no usar el cubrebocas a pesar de ser recientemente portador del virus, y al subsecretario de Salud, Hugo L\u00f3pez-Gatell, por &#8220;quedar bien con el jefe, en vez de decir la verdad&#8221;.<\/p>\n<blockquote><p>&#8220;Muchas muertes pudieron evitarse con prevenci\u00f3n, con planeaci\u00f3n, con buenas decisiones, algo tan b\u00e1sico e importante como el uso del cubrebocas y L\u00f3pez Obrador dice que va a seguir sin usarlo, incluso despu\u00e9s de haberse contagiado, aqu\u00ed ha importado m\u00e1s quedar bien con el jefe, que decirle la verdad a la poblaci\u00f3n&#8221;, explic\u00f3.<\/p><\/blockquote>\n<p>Record\u00f3 que L\u00f3pez-Gatell hab\u00eda indicado que llegar a 60 mil muertos ser\u00eda un desastre, a lo que respondi\u00f3 &#8220;llevamos m\u00e1s de 300 mil y se atreven a decir que vamos bien \u00bfCu\u00e1l pandemia domada? \u00bfCu\u00e1l curva aplanada? Basta ya de soberbia, basta ya de mentiras, las malas decisiones matan&#8221;.<\/p>\n<blockquote><p>&#8220;Este gobierno tiene una enorme responsabilidad en el n\u00famero de mexicanos que han muerto a causa de la pandemia, duele mucho decirlo, pero eso es la verdad&#8221;, concluy\u00f3.<\/p><\/blockquote>\n<blockquote class=\"twitter-tweet\" data-width=\"550\" data-dnt=\"true\">\n<p lang=\"es\" dir=\"ltr\">\u00bfSe imaginan desaparecer del mapa a una ciudad como Uruapan o Pachuca? A eso equivale el n\u00famero de muertes a causa de la pandemia. <\/p>\n<p>Vietnam: 35<br \/>Jap\u00f3n: 6,500<br \/>M\u00e9xico: 300,000<\/p>\n<p>Las malas decisiones matan.  El gobierno de AMLO tiene una enorme responsabilidad. \u00a1No ten\u00eda que ser as\u00ed! <a href=\"https:\/\/t.co\/ihJP5Ab1W2\">pic.twitter.com\/ihJP5Ab1W2<\/a><\/p>\n<p>&mdash; RicardoAnayaC (@RicardoAnayaC) <a href=\"https:\/\/twitter.com\/RicardoAnayaC\/status\/1359160448768233477?ref_src=twsrc%5Etfw\">February 9, 2021<\/a><\/p><\/blockquote>\n<p><script async src=\"https:\/\/platform.twitter.com\/widgets.js\" charset=\"utf-8\"><\/script><\/p>\n","protected":false},"excerpt":{"rendered":"<p>Critic\u00f3 a nuestro cabecita de algod\u00f3n por no usar el cubrebocas a pesar de ser recientemente portador del virus. En su visita a Uruapan, Michoac\u00e1n, Ricardo Anaya public\u00f3 un nuevo video en redes sociales en el que critica el manejo de la pandemia de COVID-19, pues lament\u00f3 que hayan fallecido m\u00e1s de 300 mil personas, &hellip;<\/p>\n","protected":false},"author":2,"featured_media":4097,"comment_status":"open","ping_status":"closed","sticky":false,"template":"","format":"standard","meta":[],"categories":[39,51],"tags":[98,1064,63,772],"_links":{"self":[{"href":"https:\/\/www.elgrillitosuena.com\/inicio\/wp-json\/wp\/v2\/posts\/4096"}],"collection":[{"href":"https:\/\/www.elgrillitosuena.com\/inicio\/wp-json\/wp\/v2\/posts"}],"about":[{"href":"https:\/\/www.elgrillitosuena.com\/inicio\/wp-json\/wp\/v2\/types\/post"}],"author":[{"embeddable":true,"href":"https:\/\/www.elgrillitosuena.com\/inicio\/wp-json\/wp\/v2\/users\/2"}],"replies":[{"embeddable":true,"href":"https:\/\/www.elgrillitosuena.com\/inicio\/wp-json\/wp\/v2\/comments?post=4096"}],"version-history":[{"count":1,"href":"https:\/\/www.elgrillitosuena.com\/inicio\/wp-json\/wp\/v2\/posts\/4096\/revisions"}],"predecessor-version":[{"id":4098,"href":"https:\/\/www.elgrillitosuena.com\/inicio\/wp-json\/wp\/v2\/posts\/4096\/revisions\/4098"}],"wp:featuredmedia":[{"embeddable":true,"href":"https:\/\/www.elgrillitosuena.com\/inicio\/wp-json\/wp\/v2\/media\/4097"}],"wp:attachment":[{"href":"https:\/\/www.elgrillitosuena.com\/inicio\/wp-json\/wp\/v2\/media?parent=4096"}],"wp:term":[{"taxonomy":"category","embeddable":true,"href":"https:\/\/www.elgrillitosuena.com\/inicio\/wp-json\/wp\/v2\/categories?post=4096"},{"taxonomy":"post_tag","embeddable":true,"href":"https:\/\/www.elgrillitosuena.com\/inicio\/wp-json\/wp\/v2\/tags?post=4096"}],"curies":[{"name":"wp","href":"https:\/\/api.w.org\/{rel}","templated":true}]}}