{"id":4032,"date":"2021-02-06T20:10:41","date_gmt":"2021-02-06T20:10:41","guid":{"rendered":"https:\/\/www.elgrillitosuena.com\/inicio\/?p=4032"},"modified":"2021-02-06T20:10:41","modified_gmt":"2021-02-06T20:10:41","slug":"adios-chamarras-hoy-preven-temperaturas-de-hasta-30-en-mexico","status":"publish","type":"post","link":"https:\/\/www.elgrillitosuena.com\/inicio\/noticias\/mexico\/adios-chamarras-hoy-preven-temperaturas-de-hasta-30-en-mexico\/","title":{"rendered":"\u00a1Adi\u00f3s chamarras! Hoy prev\u00e9n temperaturas de hasta 30\u00b0 en M\u00e9xico"},"content":{"rendered":"<p>Ola de calor afectar\u00e1 a <strong>26 estados<\/strong><\/p>\n<p><img decoding=\"async\" loading=\"lazy\" class=\"alignnone size-full wp-image-4034\" src=\"https:\/\/www.elgrillitosuena.com\/inicio\/wp-content\/uploads\/2021\/02\/A1CALOR.jpg\" alt=\"\" width=\"626\" height=\"417\" srcset=\"https:\/\/www.elgrillitosuena.com\/inicio\/wp-content\/uploads\/2021\/02\/A1CALOR.jpg 626w, https:\/\/www.elgrillitosuena.com\/inicio\/wp-content\/uploads\/2021\/02\/A1CALOR-300x200.jpg 300w\" sizes=\"(max-width: 626px) 100vw, 626px\" \/><\/p>\n<p>El Servicio Meteorol\u00f3gico Nacional (<strong>SMN<\/strong>) detall\u00f3 que habr\u00e1 temperaturas mayores a 30 grados en Nayarit, Jalisco, Colima, <strong>Michoac\u00e1n<\/strong>, Morelos, San Luis Potos\u00ed, Hidalgo, Puebla, Tamaulipas, Veracruz, Guerrero, Oaxaca, Tabasco, Chiapas, Campeche y Yucat\u00e1n. Y hasta los 40 grados Celsius en Sonora, Chihuahua, Coahuila, Zacatecas, Durango, Nuevo Le\u00f3n, Guanajuato, Quer\u00e9taro, y Quintana Roo.<\/p>\n<p><img decoding=\"async\" loading=\"lazy\" class=\"alignnone size-full wp-image-4033\" src=\"https:\/\/www.elgrillitosuena.com\/inicio\/wp-content\/uploads\/2021\/02\/A1AGUA.jpg\" alt=\"\" width=\"626\" height=\"417\" srcset=\"https:\/\/www.elgrillitosuena.com\/inicio\/wp-content\/uploads\/2021\/02\/A1AGUA.jpg 626w, https:\/\/www.elgrillitosuena.com\/inicio\/wp-content\/uploads\/2021\/02\/A1AGUA-300x200.jpg 300w\" sizes=\"(max-width: 626px) 100vw, 626px\" \/><\/p>\n<p><strong>\u00bfC\u00f3mo puedes protegerte del sol?<\/strong><\/p>\n<p><strong>La Coordinaci\u00f3n Nacional de Protecci\u00f3n Civil<\/strong> recomend\u00f3 a la poblaci\u00f3n que en caso de salir a la calle, deber\u00e1n usar bloqueador solar, evitar exponerse al sol por un tiempo prolongado, as\u00ed como vestir ropa de colores claros usar sombrero y beber abundante agua para evitar <strong>Golpes de calor.<\/strong><\/p>\n<blockquote class=\"twitter-tweet\" data-width=\"550\" data-dnt=\"true\">\n<p lang=\"es\" dir=\"ltr\">Se activa <a href=\"https:\/\/twitter.com\/hashtag\/AlertaAmarilla?src=hash&amp;ref_src=twsrc%5Etfw\">#AlertaAmarilla<\/a> por Temperaturas Altas de 28 a 30 grados Celsius entre las 14 y las 17 horas en las demarcaciones de <a href=\"https:\/\/twitter.com\/AzcapotzalcoMx?ref_src=twsrc%5Etfw\">@AzcapotzalcoMx<\/a>, <a href=\"https:\/\/twitter.com\/BJAlcaldia?ref_src=twsrc%5Etfw\">@BJAlcaldia<\/a>, <a href=\"https:\/\/twitter.com\/Alcaldia_Coy?ref_src=twsrc%5Etfw\">@Alcaldia_Coy<\/a>, <a href=\"https:\/\/twitter.com\/AlcCuauhtemocMx?ref_src=twsrc%5Etfw\">@AlcCuauhtemocMx<\/a>, <a href=\"https:\/\/twitter.com\/TuAlcaldiaGAM?ref_src=twsrc%5Etfw\">@TuAlcaldiaGAM<\/a>, <a href=\"https:\/\/twitter.com\/IztacalcoAl?ref_src=twsrc%5Etfw\">@IztacalcoAl<\/a>, <a href=\"https:\/\/twitter.com\/Alc_Iztapalapa?ref_src=twsrc%5Etfw\">@Alc_Iztapalapa<\/a>, <a href=\"https:\/\/twitter.com\/AlcaldiaMHmx?ref_src=twsrc%5Etfw\">@AlcaldiaMHmx<\/a> y <a href=\"https:\/\/twitter.com\/A_VCarranza?ref_src=twsrc%5Etfw\">@A_VCarranza<\/a>. <a href=\"https:\/\/t.co\/0knSesI8P1\">pic.twitter.com\/0knSesI8P1<\/a><\/p>\n<p>&mdash; Secretar\u00eda de Gesti\u00f3n Integral de Riesgos y PC (@SGIRPC_CDMX) <a href=\"https:\/\/twitter.com\/SGIRPC_CDMX\/status\/1358110225274986497?ref_src=twsrc%5Etfw\">February 6, 2021<\/a><\/p><\/blockquote>\n<p><script async src=\"https:\/\/platform.twitter.com\/widgets.js\" charset=\"utf-8\"><\/script><\/p>\n<p>En su cuenta de <strong>Twitter<\/strong>, La Secretar\u00eda de Gesti\u00f3n Integral de Riesgos y Protecci\u00f3n Civil inform\u00f3 que se activ\u00f3 la <strong>Alerta Amarilla<\/strong> por altas temperaturas en nueve alcald\u00edas de la Ciudad de M\u00e9xico. alert\u00f3 que de las 14:00 a las 17:00 horas de<strong> hoy<\/strong>, habr\u00e1 una temperatura de entre 28 y 30 grados en:<\/p>\n<ul>\n<li>Azcapotzalco.<\/li>\n<li>Benito Ju\u00e1rez.<\/li>\n<li>Coyoac\u00e1n.<\/li>\n<li>Cuauht\u00e9moc.<\/li>\n<li>Gustavo A. Madero.<\/li>\n<li>Iztacalco.<\/li>\n<li>Iztapalapa.<\/li>\n<li>Venustiano Carranza.<\/li>\n<\/ul>\n","protected":false},"excerpt":{"rendered":"<p>Ola de calor afectar\u00e1 a 26 estados El Servicio Meteorol\u00f3gico Nacional (SMN) detall\u00f3 que habr\u00e1 temperaturas mayores a 30 grados en Nayarit, Jalisco, Colima, Michoac\u00e1n, Morelos, San Luis Potos\u00ed, Hidalgo, Puebla, Tamaulipas, Veracruz, Guerrero, Oaxaca, Tabasco, Chiapas, Campeche y Yucat\u00e1n. Y hasta los 40 grados Celsius en Sonora, Chihuahua, Coahuila, Zacatecas, Durango, Nuevo Le\u00f3n, Guanajuato, &hellip;<\/p>\n","protected":false},"author":2,"featured_media":4034,"comment_status":"open","ping_status":"closed","sticky":false,"template":"","format":"standard","meta":[],"categories":[39,51],"tags":[474,130,74,156,56],"_links":{"self":[{"href":"https:\/\/www.elgrillitosuena.com\/inicio\/wp-json\/wp\/v2\/posts\/4032"}],"collection":[{"href":"https:\/\/www.elgrillitosuena.com\/inicio\/wp-json\/wp\/v2\/posts"}],"about":[{"href":"https:\/\/www.elgrillitosuena.com\/inicio\/wp-json\/wp\/v2\/types\/post"}],"author":[{"embeddable":true,"href":"https:\/\/www.elgrillitosuena.com\/inicio\/wp-json\/wp\/v2\/users\/2"}],"replies":[{"embeddable":true,"href":"https:\/\/www.elgrillitosuena.com\/inicio\/wp-json\/wp\/v2\/comments?post=4032"}],"version-history":[{"count":1,"href":"https:\/\/www.elgrillitosuena.com\/inicio\/wp-json\/wp\/v2\/posts\/4032\/revisions"}],"predecessor-version":[{"id":4035,"href":"https:\/\/www.elgrillitosuena.com\/inicio\/wp-json\/wp\/v2\/posts\/4032\/revisions\/4035"}],"wp:featuredmedia":[{"embeddable":true,"href":"https:\/\/www.elgrillitosuena.com\/inicio\/wp-json\/wp\/v2\/media\/4034"}],"wp:attachment":[{"href":"https:\/\/www.elgrillitosuena.com\/inicio\/wp-json\/wp\/v2\/media?parent=4032"}],"wp:term":[{"taxonomy":"category","embeddable":true,"href":"https:\/\/www.elgrillitosuena.com\/inicio\/wp-json\/wp\/v2\/categories?post=4032"},{"taxonomy":"post_tag","embeddable":true,"href":"https:\/\/www.elgrillitosuena.com\/inicio\/wp-json\/wp\/v2\/tags?post=4032"}],"curies":[{"name":"wp","href":"https:\/\/api.w.org\/{rel}","templated":true}]}}