{"id":3968,"date":"2021-02-05T18:31:44","date_gmt":"2021-02-05T18:31:44","guid":{"rendered":"https:\/\/www.elgrillitosuena.com\/inicio\/?p=3968"},"modified":"2021-02-05T18:31:44","modified_gmt":"2021-02-05T18:31:44","slug":"posponen-combate-de-mayweather-en-japon","status":"publish","type":"post","link":"https:\/\/www.elgrillitosuena.com\/inicio\/noticias\/deportes\/posponen-combate-de-mayweather-en-japon\/","title":{"rendered":"Posponen combate de Mayweather en Jap\u00f3n"},"content":{"rendered":"<p><img decoding=\"async\" src=\"https:\/\/cdn2.excelsior.com.mx\/media\/styles\/grande\/public\/pictures\/2021\/02\/05\/2524315.jpg\" alt=\"(AP)\" \/><\/p>\n<p>El combate de exhibici\u00f3n en el que deb\u00eda participar la leyenda del boxeo\u00a0<strong>Floyd Mayweather<\/strong>, previsto en Tokio a finales de este mes, no se celebrar\u00e1 debido a la\u00a0<strong>prolongaci\u00f3n del estado de emergencia<\/strong>\u00a0en el pa\u00eds por el recrudecimiento de la pandemia, anunci\u00f3 la organizaci\u00f3n.<\/p>\n<p>Mayweather, de 43 a\u00f1os, se iba a enfrentar a otro boxeador, cuyo nombre no se hab\u00eda desvelado, en el Tokio Dome el 28 de febrero, pero la organizaci\u00f3n prefiri\u00f3 aplazar el duelo, debido a que las autoridades japonesas\u00a0<strong>han cerrado las fronteras a todos los extranjeros<\/strong>.<\/p>\n<p>El gobierno japon\u00e9s prolong\u00f3 este martes el estado de emergencia ligado al coronavirus en Tokio y otros departamentos del pa\u00eds, a menos de seis meses de los Juegos.<\/p>\n<p>En este marco, el n\u00famero de espectadores presentes en los eventos deportivos no puede exceder las cinco mil personas.<\/p>\n<p>Otro combate de exhibici\u00f3n en el que deb\u00eda participar Mayweather, contra el &#8216;youtuber&#8217;\u00a0<strong>Logan Paul<\/strong>, previsto el 20 de febrero, tambi\u00e9n fue aplazado esta semana.<\/p>\n<p>En un comunicado de la organizaci\u00f3n, el estadunidense dijo estar &#8220;<strong>decepcionado<\/strong>&#8221; por este aplazamiento, pero a\u00f1adi\u00f3 que est\u00e1 &#8220;preparado para venir a combatir&#8221; desde que sea posible.<\/p>\n<p>nvicto durante su carrera profesional (50 victorias) el estadunidense se retir\u00f3 a finales de 2017, pero el 31 de diciembre de 2018 se enfrent\u00f3 en Jap\u00f3n a un joven kickboxer,\u00a0<strong>Tenshin Nasukawa<\/strong>, al que derrot\u00f3 en dos minutos.<\/p>\n<p>Campe\u00f3n del mundo en seis categor\u00edas diferentes, Mayweather particip\u00f3 y gan\u00f3 combates muy medi\u00e1ticos contra la estrella de las artes marciales mixtas (MMA)\u00a0<strong>Conor McGregor<\/strong>\u00a0en 2017 y ante otra leyenda del boxeo,\u00a0<strong>Manny Pacquiao<\/strong>, en 2015.<\/p>\n<p>Con informaci\u00f3n de Excelsior<\/p>\n","protected":false},"excerpt":{"rendered":"<p>El combate de exhibici\u00f3n en el que deb\u00eda participar la leyenda del boxeo\u00a0Floyd Mayweather, previsto en Tokio a finales de este mes, no se celebrar\u00e1 debido a la\u00a0prolongaci\u00f3n del estado de emergencia\u00a0en el pa\u00eds por el recrudecimiento de la pandemia, anunci\u00f3 la organizaci\u00f3n. Mayweather, de 43 a\u00f1os, se iba a enfrentar a otro boxeador, cuyo &hellip;<\/p>\n","protected":false},"author":6,"featured_media":3969,"comment_status":"open","ping_status":"closed","sticky":false,"template":"","format":"standard","meta":[],"categories":[45],"tags":[620,1019],"_links":{"self":[{"href":"https:\/\/www.elgrillitosuena.com\/inicio\/wp-json\/wp\/v2\/posts\/3968"}],"collection":[{"href":"https:\/\/www.elgrillitosuena.com\/inicio\/wp-json\/wp\/v2\/posts"}],"about":[{"href":"https:\/\/www.elgrillitosuena.com\/inicio\/wp-json\/wp\/v2\/types\/post"}],"author":[{"embeddable":true,"href":"https:\/\/www.elgrillitosuena.com\/inicio\/wp-json\/wp\/v2\/users\/6"}],"replies":[{"embeddable":true,"href":"https:\/\/www.elgrillitosuena.com\/inicio\/wp-json\/wp\/v2\/comments?post=3968"}],"version-history":[{"count":1,"href":"https:\/\/www.elgrillitosuena.com\/inicio\/wp-json\/wp\/v2\/posts\/3968\/revisions"}],"predecessor-version":[{"id":3970,"href":"https:\/\/www.elgrillitosuena.com\/inicio\/wp-json\/wp\/v2\/posts\/3968\/revisions\/3970"}],"wp:featuredmedia":[{"embeddable":true,"href":"https:\/\/www.elgrillitosuena.com\/inicio\/wp-json\/wp\/v2\/media\/3969"}],"wp:attachment":[{"href":"https:\/\/www.elgrillitosuena.com\/inicio\/wp-json\/wp\/v2\/media?parent=3968"}],"wp:term":[{"taxonomy":"category","embeddable":true,"href":"https:\/\/www.elgrillitosuena.com\/inicio\/wp-json\/wp\/v2\/categories?post=3968"},{"taxonomy":"post_tag","embeddable":true,"href":"https:\/\/www.elgrillitosuena.com\/inicio\/wp-json\/wp\/v2\/tags?post=3968"}],"curies":[{"name":"wp","href":"https:\/\/api.w.org\/{rel}","templated":true}]}}