{"id":3942,"date":"2021-02-04T18:39:15","date_gmt":"2021-02-04T18:39:15","guid":{"rendered":"https:\/\/www.elgrillitosuena.com\/inicio\/?p=3942"},"modified":"2021-02-04T18:39:15","modified_gmt":"2021-02-04T18:39:15","slug":"de-medicos-depende-el-regreso-de-lopez-obrador","status":"publish","type":"post","link":"https:\/\/www.elgrillitosuena.com\/inicio\/noticias\/mexico\/de-medicos-depende-el-regreso-de-lopez-obrador\/","title":{"rendered":"De m\u00e9dicos depende el regreso de L\u00f3pez Obrador"},"content":{"rendered":"<p><img decoding=\"async\" src=\"https:\/\/cdn2.excelsior.com.mx\/media\/styles\/imagen_portada_grande\/public\/pictures\/2021\/02\/04\/2523686.jpg\" alt=\"Coronavirus, Covid-19, Pandemia, China, Wuhan, Seguridad, Salud, M\u00e9xico, Estados, OMS, Gobierno de M\u00e9xico, Andr\u00e9s Manuel L\u00f3pez Obrador, Secretar\u00eda de Salud, Contagio, Atenci\u00f3n m\u00e9dica, Pruebas, Infectados, S\u00edntomas\" \/><\/p>\n<p class=\"letter-capitular\">La secretaria de Gobernaci\u00f3n (Segob), Olga S\u00e1nchez Cordero, admiti\u00f3 que desconoce si el presidente de la Rep\u00fablica, Andr\u00e9s Manuel L\u00f3pez Obrador, se reincorporar\u00e1 a sus actividades habituales a partir de la pr\u00f3xima semana.<\/p>\n<p>Ante el cuestionamiento de los medios de comunicaci\u00f3n en ese sentido, S\u00e1nchez Cordero comparti\u00f3 que &#8220;estar\u00eda feliz&#8221; de que el jefe del Ejecutivo federal regrese a las ma\u00f1aneras, s\u00f3lo que la decisi\u00f3n depender\u00e1 del equipo m\u00e9dico que se encuentra al frente de su salud luego de haber sido diagnosticado\u00a0con covid19 el pasado 24 de enero.<\/p>\n<p>La secretaria de Gobernaci\u00f3n indic\u00f3 que, por lo pronto este viernes acudir\u00e1 en representaci\u00f3n del presidente de M\u00e9xico a la ceremonia conmemorativa por un aniversario m\u00e1s de la promulgaci\u00f3n de la constituci\u00f3n mexicana de 1917 en el estado de Quer\u00e9taro.<\/p>\n<p>&#8220;No s\u00e9 c\u00f3mo\u00a0sus m\u00e9dicos lo vayan a evaluar, si puede estar, pues yo feliz de la vida que el presidente regrese aqu\u00ed a las\u00a0ma\u00f1aneras, porque adem\u00e1s le da un toque personal muy importante, pero eso depende de sus m\u00e9dicos, lo que si les digo es que voy ma\u00f1ana en su representaci\u00f3n a la conmemoraci\u00f3n del 104 aniversario de la constituci\u00f3n del 17 en el Teatro de la Rep\u00fablica&#8221;, apunt\u00f3 S\u00e1nchez Cordero cuando se le pregunt\u00f3 si estar\u00eda presente en ese acto L\u00f3pez Obrador.<\/p>\n<p>Previamente, la titular de la Segob tambi\u00e9n inform\u00f3 que presidir\u00e1 este viernes una vez m\u00e1s la conferencia matutina de palacio nacional, aunque adelant\u00f3 que se prolongar\u00e1 menos tiempo debido a que debe trasladarse por v\u00eda a\u00e9rea al estado de Quer\u00e9taro.<\/p>\n<p>&#8220;Nos vemos ma\u00f1ana, aun cuando va a ser un poco m\u00e1s corta (la conferencia), porque tendremos que volar, vamos a volar con el secretario de la Defensa y el almirante a Quer\u00e9taro&#8221;, detall\u00f3 S\u00e1nchez Cordero al finalizar la conferencia de medios de este jueves.<\/p>\n<p>Cabe destacar que en el 2019 y en el 2020, el presidente de la Rep\u00fablica se traslad\u00f3 v\u00eda carretera a la capital queretana\u00a0para estar presente en la ceremonia tradicional que se lleva a cabo por la promulgaci\u00f3n de la carta magna.<\/p>\n<p>Con informaci\u00f3n de Excelsior<\/p>\n","protected":false},"excerpt":{"rendered":"<p>La secretaria de Gobernaci\u00f3n (Segob), Olga S\u00e1nchez Cordero, admiti\u00f3 que desconoce si el presidente de la Rep\u00fablica, Andr\u00e9s Manuel L\u00f3pez Obrador, se reincorporar\u00e1 a sus actividades habituales a partir de la pr\u00f3xima semana. Ante el cuestionamiento de los medios de comunicaci\u00f3n en ese sentido, S\u00e1nchez Cordero comparti\u00f3 que &#8220;estar\u00eda feliz&#8221; de que el jefe del &hellip;<\/p>\n","protected":false},"author":6,"featured_media":3943,"comment_status":"open","ping_status":"closed","sticky":false,"template":"","format":"standard","meta":[],"categories":[39],"tags":[76,1013],"_links":{"self":[{"href":"https:\/\/www.elgrillitosuena.com\/inicio\/wp-json\/wp\/v2\/posts\/3942"}],"collection":[{"href":"https:\/\/www.elgrillitosuena.com\/inicio\/wp-json\/wp\/v2\/posts"}],"about":[{"href":"https:\/\/www.elgrillitosuena.com\/inicio\/wp-json\/wp\/v2\/types\/post"}],"author":[{"embeddable":true,"href":"https:\/\/www.elgrillitosuena.com\/inicio\/wp-json\/wp\/v2\/users\/6"}],"replies":[{"embeddable":true,"href":"https:\/\/www.elgrillitosuena.com\/inicio\/wp-json\/wp\/v2\/comments?post=3942"}],"version-history":[{"count":1,"href":"https:\/\/www.elgrillitosuena.com\/inicio\/wp-json\/wp\/v2\/posts\/3942\/revisions"}],"predecessor-version":[{"id":3944,"href":"https:\/\/www.elgrillitosuena.com\/inicio\/wp-json\/wp\/v2\/posts\/3942\/revisions\/3944"}],"wp:featuredmedia":[{"embeddable":true,"href":"https:\/\/www.elgrillitosuena.com\/inicio\/wp-json\/wp\/v2\/media\/3943"}],"wp:attachment":[{"href":"https:\/\/www.elgrillitosuena.com\/inicio\/wp-json\/wp\/v2\/media?parent=3942"}],"wp:term":[{"taxonomy":"category","embeddable":true,"href":"https:\/\/www.elgrillitosuena.com\/inicio\/wp-json\/wp\/v2\/categories?post=3942"},{"taxonomy":"post_tag","embeddable":true,"href":"https:\/\/www.elgrillitosuena.com\/inicio\/wp-json\/wp\/v2\/tags?post=3942"}],"curies":[{"name":"wp","href":"https:\/\/api.w.org\/{rel}","templated":true}]}}