{"id":3843,"date":"2021-02-01T19:10:23","date_gmt":"2021-02-01T19:10:23","guid":{"rendered":"https:\/\/www.elgrillitosuena.com\/inicio\/?p=3843"},"modified":"2021-02-01T19:10:23","modified_gmt":"2021-02-01T19:10:23","slug":"silvano-anuncia-medidas-mas-fuertes-en-michoacan-cierran-plazas-y-adultos-mayores-sin-acceso","status":"publish","type":"post","link":"https:\/\/www.elgrillitosuena.com\/inicio\/noticias\/michoacan\/silvano-anuncia-medidas-mas-fuertes-en-michoacan-cierran-plazas-y-adultos-mayores-sin-acceso\/","title":{"rendered":"Silvano anuncia medidas m\u00e1s fuertes en Michoac\u00e1n; cierran plazas y adultos mayores sin acceso"},"content":{"rendered":"<p><img decoding=\"async\" src=\"https:\/\/www.lavozdemichoacan.com.mx\/wp-content\/uploads\/2021\/02\/silvano-1-febrero.jpg\" \/><\/p>\n<p>Se termin\u00f3 el mes m\u00e1s complejo y m\u00e1s virulento desde que inicio la epidemia. El mes de enero fue el que tuvo m\u00e1s contagios, m\u00e1s muertes y m\u00e1s personas hospitalizadas, reconoci\u00f3 este d\u00eda el gobernador Silvano Aureoles.<\/p>\n<p>Se\u00f1al\u00f3 que el objetivo durante el mes de febrero es romper\u00a0<strong>las cadenas<\/strong>\u00a0de contagios para tener un escenario mejor para el mes de\u00a0<strong>marzo<\/strong>\u00a0y no se repita la historia de enero.<\/p>\n<p>En conferencia de prensa, el mandatario dijo que se arreciaran las medidas en el estado para evitar un panorama peor.\u00a0<strong>Entre los nuevos ajustes est\u00e1n:<\/strong><\/p>\n<p>1.- El uso de cubrebocas obligatorio<\/p>\n<div class=\"enObzYAf\">\n<div class=\"lv-ads\">\n<div id=\"div-gpt-ad-intext_pos2\" data-google-query-id=\"CJir7c2wye4CFcIOPwod6qoEFA\">\n<p>2.- Se cerrar\u00e1n todos los centros recreativos p\u00fablicos de jueves a domingo<\/p>\n<p>3.- Cierre de plazas p\u00fablicas de jueves a domingo<\/p>\n<p>4.- Las plazas comerciales deben\u00a0<strong>prohibir\u00a0<\/strong>el acceso a<strong>\u00a0adultos mayores<\/strong>\u00a0y cerrar de jueves a s\u00e1bado a las 7 de la noche y el domingo cierre total<\/p>\n<p>5.-\u00a0<strong>Lo bares<\/strong>\u00a0estar\u00e1n cerrados s\u00e1bado y domingos; los jueves y viernes deber\u00e1n cerrar el servicio a las 7 de la noche<\/p>\n<p>6.- Siguen prohibidas las fiestas patronales, jaripeos, fiestas en salones,\u00a0<strong>velorios de cuerpos presentes<\/strong>, peleas de gallos, etc.<\/p>\n<p><span class=\"highlight highlight-gray\">El gobernador no dijo hasta cuando se implementar\u00e1n estas medidas, s\u00f3lo se\u00f1al\u00f3 que ser\u00e1 &#8220;por alg\u00fan tiempo&#8221;.<\/span><\/div>\n<div data-google-query-id=\"CJir7c2wye4CFcIOPwod6qoEFA\">\n<blockquote class=\"wp-block-quote is-style-large\"><p><strong>\u201cEn enero fueron m\u00e1s de 10 mil contagios registrados y lamentablemente 664 personas fallecidas, que dejaron familias rotas, por lo que acordamos en conjunto con el Comit\u00e9 de Seguridad Estatal en Salud endurecer las medidas de contenci\u00f3n y mitigaci\u00f3n en todo el estado\u201d.<\/strong><\/p><\/blockquote>\n<p>Dijo que las medidas implementadas en las \u00faltimas semanas, en las que se registr\u00f3 en rebrote, lograron no saturar todos los hospitales, pero que hay muy pocas camas disponibles.<\/p>\n<p>A pregunta sobre qu\u00e9 pasar\u00e1 en Morelia luego de que el expresidente de Morelia, Ra\u00fal Mor\u00f3n Orozco dijera que el municipio no acatar\u00eda medidas m\u00e1s severas, el gobernador dijo que sesionaron apenas el jueves y que hoy se hicieron p\u00fablicos los reforzamientos las medidas por lo que estar\u00e1n en contacto con los presidentes municipales, &#8220;pero que no est\u00e1n variando mucho en los ajustes, pues se sabe que la gente est\u00e1 muy desesperada&#8221;.<\/p>\n<p>Repiti\u00f3 que el riesgo de contagios m\u00e1s grave no son los lugares de trabajo, sino en las fiestas y cit\u00f3 ejemplos de la ansiedad por realizar bodas, bailes y jaripeos: Del 1 de enero al 31, se han desactivado 203 eventos, la mayor\u00eda de ellos masivos, por lo que se han dispersado a miles y miles de michoacanos.<\/p>\n<p>Dijo que ah\u00ed s\u00ed van a ser muy estrictos y no se va a tolerar pues ah\u00ed es donde est\u00e1n la crisis, \u201cen fiestas, bautizos, los XV a\u00f1os, el cumplea\u00f1os de la ni\u00f1a o ni\u00f1o\u201d.<\/p>\n<p>Con informaci\u00f3n de La Voz de Michoac\u00e1n<\/p>\n<\/div>\n<\/div>\n<\/div>\n","protected":false},"excerpt":{"rendered":"<p>Se termin\u00f3 el mes m\u00e1s complejo y m\u00e1s virulento desde que inicio la epidemia. El mes de enero fue el que tuvo m\u00e1s contagios, m\u00e1s muertes y m\u00e1s personas hospitalizadas, reconoci\u00f3 este d\u00eda el gobernador Silvano Aureoles. Se\u00f1al\u00f3 que el objetivo durante el mes de febrero es romper\u00a0las cadenas\u00a0de contagios para tener un escenario mejor &hellip;<\/p>\n","protected":false},"author":6,"featured_media":3846,"comment_status":"open","ping_status":"closed","sticky":false,"template":"","format":"standard","meta":[],"categories":[38],"tags":[61,987,55],"_links":{"self":[{"href":"https:\/\/www.elgrillitosuena.com\/inicio\/wp-json\/wp\/v2\/posts\/3843"}],"collection":[{"href":"https:\/\/www.elgrillitosuena.com\/inicio\/wp-json\/wp\/v2\/posts"}],"about":[{"href":"https:\/\/www.elgrillitosuena.com\/inicio\/wp-json\/wp\/v2\/types\/post"}],"author":[{"embeddable":true,"href":"https:\/\/www.elgrillitosuena.com\/inicio\/wp-json\/wp\/v2\/users\/6"}],"replies":[{"embeddable":true,"href":"https:\/\/www.elgrillitosuena.com\/inicio\/wp-json\/wp\/v2\/comments?post=3843"}],"version-history":[{"count":1,"href":"https:\/\/www.elgrillitosuena.com\/inicio\/wp-json\/wp\/v2\/posts\/3843\/revisions"}],"predecessor-version":[{"id":3847,"href":"https:\/\/www.elgrillitosuena.com\/inicio\/wp-json\/wp\/v2\/posts\/3843\/revisions\/3847"}],"wp:featuredmedia":[{"embeddable":true,"href":"https:\/\/www.elgrillitosuena.com\/inicio\/wp-json\/wp\/v2\/media\/3846"}],"wp:attachment":[{"href":"https:\/\/www.elgrillitosuena.com\/inicio\/wp-json\/wp\/v2\/media?parent=3843"}],"wp:term":[{"taxonomy":"category","embeddable":true,"href":"https:\/\/www.elgrillitosuena.com\/inicio\/wp-json\/wp\/v2\/categories?post=3843"},{"taxonomy":"post_tag","embeddable":true,"href":"https:\/\/www.elgrillitosuena.com\/inicio\/wp-json\/wp\/v2\/tags?post=3843"}],"curies":[{"name":"wp","href":"https:\/\/api.w.org\/{rel}","templated":true}]}}