{"id":3780,"date":"2021-01-29T20:14:05","date_gmt":"2021-01-29T20:14:05","guid":{"rendered":"https:\/\/www.elgrillitosuena.com\/inicio\/?p=3780"},"modified":"2021-01-29T20:14:05","modified_gmt":"2021-01-29T20:14:05","slug":"asi-entrena-raul-jimenez-wolverhampton-presume-su-regreso","status":"publish","type":"post","link":"https:\/\/www.elgrillitosuena.com\/inicio\/noticias\/deportes\/asi-entrena-raul-jimenez-wolverhampton-presume-su-regreso\/","title":{"rendered":"As\u00ed entrena Ra\u00fal Jim\u00e9nez; Wolverhampton presume su regreso"},"content":{"rendered":"<p><img decoding=\"async\" src=\"https:\/\/www.lavozdemichoacan.com.mx\/wp-content\/uploads\/2021\/01\/RAUL_JIMEMENZ.jpg\" \/><\/p>\n<p>&nbsp;<\/p>\n<p>Despu\u00e9s de que el pasado noviembre, la carrera del futbolista mexicano, Ra\u00fal Jim\u00e9nez, tuviera un freno dr\u00e1stico, por una fuerte lesi\u00f3n de cr\u00e1neo, que dio la vuelta a todo el mundo, la recuperaci\u00f3n del delantero ha resultado muy favorable, sobreponi\u00e9ndose positivamente ante este lamentable suceso.<\/p>\n<p>La lesi\u00f3n fue cuando en un tiro de esquina Jim\u00e9nez fue a rematar, pero, al elevarse, chocar\u00eda con el defensa brasile\u00f1o David Luiz, provocando una fractura de cr\u00e1neo, por la cual tuvo que ser sometido a una operaci\u00f3n de riesgo. El golpe fue grave, incluso por alg\u00fan momento se temi\u00f3 de la continuidad como futbolista por\u00a0 alg\u00fan posible da\u00f1o cerebral.<\/p>\n<p>Para fortuna para el Seleccionado Mexicano,\u00a0<strong>su recuperaci\u00f3n ha sido \u00f3ptima<\/strong>, lo cual le ha permitido\u00a0 sorprender a todos, despu\u00e9s de que ahora ya se han compartido im\u00e1genes en la p\u00e1gina oficial de Wolverhampton, donde se ve a Ra\u00fal entrenando con el plantel.<\/p>\n<p>Cuesti\u00f3n que ilusiona mucho a los aficionados, ya que<strong>\u00a0su equipo no ha tenido los mejores resultados, desde la fractura del nueve<\/strong>. Adem\u00e1s el t\u00e9cnico\u00a0 Nuno Esp\u00edrito Santo dijo que incluso hay una gran posibilidad de que el mexicano pueda volver a las canchas en esta misma temporada.<\/p>\n<p><img decoding=\"async\" src=\"https:\/\/pbs.twimg.com\/media\/Es6HjcCXUAARnWg?format=jpg&amp;name=4096x4096\" alt=\"Imagen\" \/><\/p>\n<p>No se conoce bien la fecha que pudiera regresar, pero ha resultado en una excelente noticia para el club y sobre todo para el jugador, donde demostr\u00f3 su valor y fuerza para enfrentar este acontecimiento. No se excluye de que Jim\u00e9nez\u00a0 tenga que apoyarse del uso de alg\u00fan protector o casco, como en su momento lo usara el jugador del Chelsea, Petr Cech.<\/p>\n<p>Con informaci\u00f3n de La Voz de Michoac\u00e1n<\/p>\n","protected":false},"excerpt":{"rendered":"<p>&nbsp; Despu\u00e9s de que el pasado noviembre, la carrera del futbolista mexicano, Ra\u00fal Jim\u00e9nez, tuviera un freno dr\u00e1stico, por una fuerte lesi\u00f3n de cr\u00e1neo, que dio la vuelta a todo el mundo, la recuperaci\u00f3n del delantero ha resultado muy favorable, sobreponi\u00e9ndose positivamente ante este lamentable suceso. La lesi\u00f3n fue cuando en un tiro de esquina &hellip;<\/p>\n","protected":false},"author":6,"featured_media":3781,"comment_status":"open","ping_status":"closed","sticky":false,"template":"","format":"standard","meta":[],"categories":[45],"tags":[85,963],"_links":{"self":[{"href":"https:\/\/www.elgrillitosuena.com\/inicio\/wp-json\/wp\/v2\/posts\/3780"}],"collection":[{"href":"https:\/\/www.elgrillitosuena.com\/inicio\/wp-json\/wp\/v2\/posts"}],"about":[{"href":"https:\/\/www.elgrillitosuena.com\/inicio\/wp-json\/wp\/v2\/types\/post"}],"author":[{"embeddable":true,"href":"https:\/\/www.elgrillitosuena.com\/inicio\/wp-json\/wp\/v2\/users\/6"}],"replies":[{"embeddable":true,"href":"https:\/\/www.elgrillitosuena.com\/inicio\/wp-json\/wp\/v2\/comments?post=3780"}],"version-history":[{"count":1,"href":"https:\/\/www.elgrillitosuena.com\/inicio\/wp-json\/wp\/v2\/posts\/3780\/revisions"}],"predecessor-version":[{"id":3782,"href":"https:\/\/www.elgrillitosuena.com\/inicio\/wp-json\/wp\/v2\/posts\/3780\/revisions\/3782"}],"wp:featuredmedia":[{"embeddable":true,"href":"https:\/\/www.elgrillitosuena.com\/inicio\/wp-json\/wp\/v2\/media\/3781"}],"wp:attachment":[{"href":"https:\/\/www.elgrillitosuena.com\/inicio\/wp-json\/wp\/v2\/media?parent=3780"}],"wp:term":[{"taxonomy":"category","embeddable":true,"href":"https:\/\/www.elgrillitosuena.com\/inicio\/wp-json\/wp\/v2\/categories?post=3780"},{"taxonomy":"post_tag","embeddable":true,"href":"https:\/\/www.elgrillitosuena.com\/inicio\/wp-json\/wp\/v2\/tags?post=3780"}],"curies":[{"name":"wp","href":"https:\/\/api.w.org\/{rel}","templated":true}]}}