{"id":3777,"date":"2021-01-29T19:55:28","date_gmt":"2021-01-29T19:55:28","guid":{"rendered":"https:\/\/www.elgrillitosuena.com\/inicio\/?p=3777"},"modified":"2021-01-29T19:55:28","modified_gmt":"2021-01-29T19:55:28","slug":"union-europea-aprueba-vacuna-de-astrazeneca-para-mayores-de-18-a-pesar-de-dudas-de-alemania","status":"publish","type":"post","link":"https:\/\/www.elgrillitosuena.com\/inicio\/noticias\/mundo\/union-europea-aprueba-vacuna-de-astrazeneca-para-mayores-de-18-a-pesar-de-dudas-de-alemania\/","title":{"rendered":"Uni\u00f3n Europea aprueba vacuna de ASTRAZENECA para mayores de 18 a pesar de dudas de  Alemania"},"content":{"rendered":"<p><img decoding=\"async\" loading=\"lazy\" class=\"\" src=\"https:\/\/i1.wp.com\/www.sopitas.com\/wp-content\/uploads\/2020\/10\/vacuna-astrazeneca-respuesta-inmune-coronavirus-2-591x307.jpg\" alt=\"Uni\u00f3n Europea aprueba vacuna de AstraZeneca para mayores de 18 a pesar de dudas de Alemania\" width=\"656\" height=\"341\" \/><\/p>\n<p><strong>\u00a1Dec\u00eddanse!<\/strong>\u00a0<strong>La Agencia Europea del Medicamento dio a conocer este d\u00eda que aprob\u00f3 el uso de la vacuna que desarroll\u00f3 AstraZeneca junto a la Universidad de Oxford<\/strong>. S\u00ed, solamente en personas mayores de 18 a\u00f1os, aunque ayer\u00a0<a href=\"https:\/\/www.sopitas.com\/noticias\/alemania-astrazeneca-vacuna-oxford-mayores-65-anos-comite-covid\/\" target=\"_blank\" rel=\"noopener noreferrer\"><strong>Alemania<\/strong><\/a>\u00a0recomendaba no utilizarla en adultos mayores de m\u00e1s de 65 a\u00f1os.<\/p>\n<h2>\u00bfQu\u00e9 anunciaron sobre la vacuna de AstraZeneca?<\/h2>\n<p>Este 29 de enero, por medio de una conferencia de prensa, la Agencia del Medicamento de la Uni\u00f3n Europea dio a conocer que aprob\u00f3 el uso condicional de la vacuna de AstraZeneca,\u00a0<strong>pues indicaron que \u00e9sta solo deber\u00e1 aplicarse a personas mayores de 18 a\u00f1os, ya que no existen evidencias de que tenga eficacia en menores de esta edad<\/strong>.<\/p>\n<p><img decoding=\"async\" loading=\"lazy\" class=\"\" src=\"https:\/\/i1.wp.com\/www.sopitas.com\/wp-content\/uploads\/2020\/11\/voluntario-vacuna-astrazeneca-demanda-4-scaled.jpg\" alt=\"Voluntario de la vacuna de AstraZeneca present\u00f3 una demanda por &quot;reacciones adversas severas&quot;\" width=\"501\" height=\"308\" \/><\/p>\n<p>Ahora, de acuerdo con informaci\u00f3n de\u00a0<a href=\"https:\/\/www.efe.com\/efe\/espana\/sociedad\/la-ema-aprueba-vacuna-de-astrazeneca-para-mayores-18-anos\/10004-4452743\" target=\"_blank\" rel=\"noopener noreferrer\"><strong><em>EFE<\/em><\/strong><\/a>,\u00a0<strong>la Comisi\u00f3n Europea tendr\u00e1 que estudiar las conclusiones del Comit\u00e9 de Medicamentos Humanos (CHMP) de la EMA antes de dar definitivamente una licencia a la empresa farmac\u00e9utica<\/strong>, con la que sigue negociando la entrega de las dosis prometidas durante el primer trimestre de este a\u00f1o.<\/p>\n<p>Si consigue esta licencia,\u00a0<strong>la vacuna de AstraZeneca ser\u00e1 oficialmente la tercera que se autoriza al mismo tiempo y en las mismas condiciones para todos los pa\u00edses de la Uni\u00f3n Europea\u00a0<\/strong>desde que comenz\u00f3 la pandemia.<\/p>\n<h2>Alemania recomienda no usarla en mayores de 65 a\u00f1os<\/h2>\n<p>Y frente a todo esto, apenas ayer el Comit\u00e9 de Vacunaci\u00f3n de Alemania comparti\u00f3 sus dudas con respecto al f\u00e1rmaco que desarroll\u00f3 AstraZeneca y la Universidad de Oxford.\u00a0<strong>De hecho, los especialistas de este organismo recomendaron que esta vacuna para el COVID-19 no se administre en personas mayores de 65 a\u00f1os<\/strong>.<\/p>\n<p><em>\u201cLa vacuna de AstraZeneca, a diferencia de las vacunas de ARNm<\/em>,<em>\u00a0solo deber\u00eda ofrecerse a personas de entre 18 y 64 a\u00f1os\u201d<\/em>, se lee en el comunicado que comparti\u00f3 el\u00a0<strong>Ministerio de Salud en Alemania<\/strong>\u00a0y que retom\u00f3\u00a0<a href=\"https:\/\/www.reuters.com\/article\/health-coronavirus-germany-astrazeneca\/german-expert-panel-recommends-giving-astrazeneca-shot-only-to-under-65s-idUSS8N2J104Y\" target=\"_blank\" rel=\"noopener noreferrer\"><em><strong>Reuters.<\/strong><\/em><\/a><\/p>\n<p>Con informaci\u00f3n de Sopitas<\/p>\n","protected":false},"excerpt":{"rendered":"<p>\u00a1Dec\u00eddanse!\u00a0La Agencia Europea del Medicamento dio a conocer este d\u00eda que aprob\u00f3 el uso de la vacuna que desarroll\u00f3 AstraZeneca junto a la Universidad de Oxford. S\u00ed, solamente en personas mayores de 18 a\u00f1os, aunque ayer\u00a0Alemania\u00a0recomendaba no utilizarla en adultos mayores de m\u00e1s de 65 a\u00f1os. \u00bfQu\u00e9 anunciaron sobre la vacuna de AstraZeneca? Este 29 &hellip;<\/p>\n","protected":false},"author":6,"featured_media":3778,"comment_status":"open","ping_status":"closed","sticky":false,"template":"","format":"standard","meta":[],"categories":[40],"tags":[961,446,962,127],"_links":{"self":[{"href":"https:\/\/www.elgrillitosuena.com\/inicio\/wp-json\/wp\/v2\/posts\/3777"}],"collection":[{"href":"https:\/\/www.elgrillitosuena.com\/inicio\/wp-json\/wp\/v2\/posts"}],"about":[{"href":"https:\/\/www.elgrillitosuena.com\/inicio\/wp-json\/wp\/v2\/types\/post"}],"author":[{"embeddable":true,"href":"https:\/\/www.elgrillitosuena.com\/inicio\/wp-json\/wp\/v2\/users\/6"}],"replies":[{"embeddable":true,"href":"https:\/\/www.elgrillitosuena.com\/inicio\/wp-json\/wp\/v2\/comments?post=3777"}],"version-history":[{"count":1,"href":"https:\/\/www.elgrillitosuena.com\/inicio\/wp-json\/wp\/v2\/posts\/3777\/revisions"}],"predecessor-version":[{"id":3779,"href":"https:\/\/www.elgrillitosuena.com\/inicio\/wp-json\/wp\/v2\/posts\/3777\/revisions\/3779"}],"wp:featuredmedia":[{"embeddable":true,"href":"https:\/\/www.elgrillitosuena.com\/inicio\/wp-json\/wp\/v2\/media\/3778"}],"wp:attachment":[{"href":"https:\/\/www.elgrillitosuena.com\/inicio\/wp-json\/wp\/v2\/media?parent=3777"}],"wp:term":[{"taxonomy":"category","embeddable":true,"href":"https:\/\/www.elgrillitosuena.com\/inicio\/wp-json\/wp\/v2\/categories?post=3777"},{"taxonomy":"post_tag","embeddable":true,"href":"https:\/\/www.elgrillitosuena.com\/inicio\/wp-json\/wp\/v2\/tags?post=3777"}],"curies":[{"name":"wp","href":"https:\/\/api.w.org\/{rel}","templated":true}]}}