{"id":3774,"date":"2021-01-29T19:45:31","date_gmt":"2021-01-29T19:45:31","guid":{"rendered":"https:\/\/www.elgrillitosuena.com\/inicio\/?p=3774"},"modified":"2021-01-29T19:45:31","modified_gmt":"2021-01-29T19:45:31","slug":"mas-vale-prevenir-canada-suspende-vuelos-a-mexico-y-manda-a-viajeros-a-cuarentena","status":"publish","type":"post","link":"https:\/\/www.elgrillitosuena.com\/inicio\/noticias\/mundo\/mas-vale-prevenir-canada-suspende-vuelos-a-mexico-y-manda-a-viajeros-a-cuarentena\/","title":{"rendered":"M\u00e1s vale prevenir: Canad\u00e1 suspende vuelos a M\u00e9xico y manda a viajeros a cuarentena"},"content":{"rendered":"<p><img decoding=\"async\" loading=\"lazy\" class=\"\" src=\"https:\/\/i1.wp.com\/www.sopitas.com\/wp-content\/uploads\/2021\/01\/canada-suspende-vuelos-mexico-coronavirus-591x307.jpg\" alt=\"M\u00e1s vale prevenir: Canad\u00e1 suspende vuelos a M\u00e9xico y manda a viajeros a cuarentena\" width=\"674\" height=\"350\" \/><\/p>\n<p>Ante las nuevas\u00a0<strong>variantes de COVID-19<\/strong>\u00a0y para evitar que sigan en aumento los contagios, el gobierno de<strong>\u00a0Canad\u00e1<\/strong>\u00a0anunci\u00f3 nuevas \u2014y m\u00e1s estrictas\u2014 medidas sanitarias como la\u00a0<strong>suspensi\u00f3n de los vuelos a M\u00e9xico y el Caribe<\/strong>\u00a0a partir del domingo 31 de enero hasta el\u00a0<strong>30 de abril de 2021<\/strong>. Pero eso no es todo.<\/p>\n<p>En su mensaje a medios, el primer ministro de Canad\u00e1,\u00a0<strong>Justin Trudeau<\/strong>, explic\u00f3 que los viajeros y las viajeras que lleguen al pa\u00eds deber\u00e1n irse a\u00a0<strong>cuarentena obligatoria<\/strong>\u00a0de hasta dos semanas.<\/p>\n<p>De igual forma, para aquellos y aquellas que vayan de regreso a Canad\u00e1, las autoridades pedir\u00e1n una prueba<strong>\u00a0PCR<\/strong>\u00a0negativa a COVID-19.<\/p>\n<p>Y aqu\u00ed\u00a0 no habr\u00e1 pretexto, porque ser\u00e1 obligatoria.\u00a0<strong>Sin la prueba negativa<\/strong>, nadie podr\u00e1 entrar a este pa\u00eds. Van los detalles.<\/p>\n<h2>Canad\u00e1 suspende vuelos a M\u00e9xico<\/h2>\n<p>V\u00e1monos primero con la suspensi\u00f3n de los vuelos. Trudeau explic\u00f3 que las aerol\u00edneas\u00a0<strong>Air Canada, WestJet, Sunwing y Air Transat<\/strong>\u00a0cancelar\u00e1n su servicio con destinos a M\u00e9xico y el Caribe \u2014va de nuez, del domingo 31 al 30 de abril.<\/p>\n<p>Luego, a partir de la pr\u00f3xima semana \u2014ya entrado febrero\u2014<strong>\u00a0toooooooodos los vuelos internacionales<\/strong>\u00a0deber\u00e1n llegar a los aeropuertos de Vancouver, Toronto, Calgary y Montreal.<\/p>\n<p><strong>\u00bfQu\u00e9 pasar\u00e1 con la gente que ya sali\u00f3 de Canad\u00e1 a estos destinos?<\/strong>\u00a0Seg\u00fan el primer ministro, las aerol\u00edneas tendr\u00e1n que llegar a acuerdos con los clientes y las clientas para machar los vuelos de regreso siguiendo los protocolos sanitarios.<\/p>\n<p>Ahora va otra: una vez que estas personas lleguen a Canad\u00e1, \u00bfqu\u00e9 suceder\u00e1?<\/p>\n<p>Aqu\u00ed el plan es: antes de arribar a un aeropuerto canadiense \u2014es decir, estando en el extranjero\u2014, los viajeros y las viajeras deber\u00e1n aplicarse a una\u00a0<strong>prueba PCR<\/strong>\u00a0para comprobar que NO tienen coronavirus.<\/p>\n<p>Ya con su prueba en mano, ahora s\u00ed al llegar a Canad\u00e1, los viajeros y las viajeras tendr\u00e1n que irse a\u00a0<strong>cuarentena de manera obligatoria<\/strong>, no sin antes aplicarse\u00a0<strong>otra prueba<\/strong>\u00a0en el aeropuerto canadiense.<\/p>\n<p class=\"paragraph\" data-count=\"1\" data-wrap=\"1\">Para ello, los viajeros y las viajeras deber\u00e1n\u00a0<strong>esperar sus resultados aislados en un hotel<\/strong>\u00a0y, pues de acuerdo con Justin Trudeau, se prev\u00e9 que sean m\u00e1s de dos mil personas.<\/p>\n<p class=\"paragraph\" data-count=\"175\" data-wrap=\"32\"><em>\u201cAquellos con resultados negativos en las pruebas podr\u00e1n ser puestos en cuarentena en casa bajo una vigilancia mayor\u201d<\/em>, finaliz\u00f3 Trudeau para los casos que den positivo a COVID-19 \u2014para los que aplicar\u00eda una cuarentena de hasta dos semanas.<\/p>\n<h2><em>\u201cNo es momento de viajar\u201d<\/em><\/h2>\n<p>Eso fue lo que enfatiz\u00f3 Justin Trudeau luego de anunciar la suspensi\u00f3n de vuelos a M\u00e9xico y el Caribe \u2014zonas preferidas por el turismo canadiense en vacaciones. Como en la Navidad pasada, cuando pese a la pandemia\u00a0<a href=\"https:\/\/www.sopitas.com\/noticias\/canada-ministro-finanzas-renuncia-vacaciones-ontario-coronavirus\/\" target=\"_blank\" rel=\"noopener noreferrer\"><strong>hubo quienes se lanzaron<\/strong>\u00a0<\/a>a las playas del caribe a pesar de la recomendaci\u00f3n de las autoridades de no viajar. Ahora, la norma ser\u00e1 obligatoria.<\/p>\n<p>De acuerdo con la\u00a0<a href=\"https:\/\/www.arcgis.com\/apps\/opsdashboard\/index.html#\/bda7594740fd40299423467b48e9ecf6\" target=\"_blank\" rel=\"noopener noreferrer\"><strong>Universidad Johns Hopkins<\/strong><\/a>, hasta este 29 de enero, Canad\u00e1 registr\u00f3\u00a0<strong>772 mil 815 casos acumulados<\/strong>\u00a0de COVID-19 y las restricciones anunciadas este viernes van en funci\u00f3n para poner un control a las nuevas variantes y los contagios.<\/p>\n<p>Con informaci\u00f3n de Sopitas<\/p>\n","protected":false},"excerpt":{"rendered":"<p>Ante las nuevas\u00a0variantes de COVID-19\u00a0y para evitar que sigan en aumento los contagios, el gobierno de\u00a0Canad\u00e1\u00a0anunci\u00f3 nuevas \u2014y m\u00e1s estrictas\u2014 medidas sanitarias como la\u00a0suspensi\u00f3n de los vuelos a M\u00e9xico y el Caribe\u00a0a partir del domingo 31 de enero hasta el\u00a030 de abril de 2021. Pero eso no es todo. En su mensaje a medios, el &hellip;<\/p>\n","protected":false},"author":6,"featured_media":3775,"comment_status":"open","ping_status":"closed","sticky":false,"template":"","format":"standard","meta":[],"categories":[40],"tags":[959,156,960],"_links":{"self":[{"href":"https:\/\/www.elgrillitosuena.com\/inicio\/wp-json\/wp\/v2\/posts\/3774"}],"collection":[{"href":"https:\/\/www.elgrillitosuena.com\/inicio\/wp-json\/wp\/v2\/posts"}],"about":[{"href":"https:\/\/www.elgrillitosuena.com\/inicio\/wp-json\/wp\/v2\/types\/post"}],"author":[{"embeddable":true,"href":"https:\/\/www.elgrillitosuena.com\/inicio\/wp-json\/wp\/v2\/users\/6"}],"replies":[{"embeddable":true,"href":"https:\/\/www.elgrillitosuena.com\/inicio\/wp-json\/wp\/v2\/comments?post=3774"}],"version-history":[{"count":1,"href":"https:\/\/www.elgrillitosuena.com\/inicio\/wp-json\/wp\/v2\/posts\/3774\/revisions"}],"predecessor-version":[{"id":3776,"href":"https:\/\/www.elgrillitosuena.com\/inicio\/wp-json\/wp\/v2\/posts\/3774\/revisions\/3776"}],"wp:featuredmedia":[{"embeddable":true,"href":"https:\/\/www.elgrillitosuena.com\/inicio\/wp-json\/wp\/v2\/media\/3775"}],"wp:attachment":[{"href":"https:\/\/www.elgrillitosuena.com\/inicio\/wp-json\/wp\/v2\/media?parent=3774"}],"wp:term":[{"taxonomy":"category","embeddable":true,"href":"https:\/\/www.elgrillitosuena.com\/inicio\/wp-json\/wp\/v2\/categories?post=3774"},{"taxonomy":"post_tag","embeddable":true,"href":"https:\/\/www.elgrillitosuena.com\/inicio\/wp-json\/wp\/v2\/tags?post=3774"}],"curies":[{"name":"wp","href":"https:\/\/api.w.org\/{rel}","templated":true}]}}