{"id":3743,"date":"2021-01-29T16:19:48","date_gmt":"2021-01-29T16:19:48","guid":{"rendered":"https:\/\/www.elgrillitosuena.com\/inicio\/?p=3743"},"modified":"2021-01-29T16:19:48","modified_gmt":"2021-01-29T16:19:48","slug":"mexicana-es-liberada-de-prision-en-eu-tras-18-anos","status":"publish","type":"post","link":"https:\/\/www.elgrillitosuena.com\/inicio\/noticias\/mundo\/mexicana-es-liberada-de-prision-en-eu-tras-18-anos\/","title":{"rendered":"Mexicana es liberada de prisi\u00f3n en EU tras 18 a\u00f1os"},"content":{"rendered":"<p><img decoding=\"async\" src=\"https:\/\/cdn2.excelsior.com.mx\/media\/styles\/imagen_portada_grande\/public\/pictures\/2021\/01\/29\/2520443.jpg\" alt=\" Mexicana es liberada de prisi\u00f3n en EU tras 18 a\u00f1os\" \/><\/p>\n<p class=\"letter-capitular\">Una\u00a0<strong>mujer mexicana<\/strong>\u00a0que<strong>\u00a0pas\u00f3 18 a\u00f1os en prisi\u00f3n en Estados Unidos<\/strong>\u00a0por la muerte de un menor fue liberada por orden de un juez de Texas, inform\u00f3 la canciller\u00eda, que se\u00f1al\u00f3 que hubo &#8220;irregularidades&#8221; en su juicio de 2005.<\/p>\n<p>Rosa Jim\u00e9nez sali\u00f3 de prisi\u00f3n el mi\u00e9rcoles, dijo la Secretar\u00eda de Relaciones Exteriores (SRE) de M\u00e9xico en un comunicado, y se quedar\u00eda en Estados Unidos para cumplir con las condiciones de su liberaci\u00f3n, sobre las que no ofreci\u00f3 m\u00e1s detalles.<\/p>\n<p><strong>Jim\u00e9nez fue arrestada en 2003 y condenada dos a\u00f1os m\u00e1s tarde, despu\u00e9s de que un jurado la declarara culpable del abuso\u00a0y\u00a0muerte de un menor que estaba bajo su cuidado<\/strong>, de acuerdoal comunicado de la SRE, difundido el jueves por la tarde. Eljurado le impuso dos sentencias de 99 a\u00f1os y 75 a\u00f1os.<\/p>\n<p>El consulado mexicano en Austin contribuy\u00f3 a pagar los honorarios legales durante el curso de su apelaci\u00f3n y sus funcionarios asistieron a sus audiencias y presionaron para que su caso permaneciera bajo revisi\u00f3n, detall\u00f3 la canciller\u00eda.<\/p>\n<p>Seg\u00fan la SRE, el\u00a0<strong>Innocence Project,<\/strong>\u00a0con sede en Nueva York, que ayuda legalmente a personas que se presumen inocentes, tambi\u00e9n trabaj\u00f3 en su liberaci\u00f3n.<\/p>\n<p>Con informaci\u00f3n de Excelsior<\/p>\n","protected":false},"excerpt":{"rendered":"<p>Una\u00a0mujer mexicana\u00a0que\u00a0pas\u00f3 18 a\u00f1os en prisi\u00f3n en Estados Unidos\u00a0por la muerte de un menor fue liberada por orden de un juez de Texas, inform\u00f3 la canciller\u00eda, que se\u00f1al\u00f3 que hubo &#8220;irregularidades&#8221; en su juicio de 2005. Rosa Jim\u00e9nez sali\u00f3 de prisi\u00f3n el mi\u00e9rcoles, dijo la Secretar\u00eda de Relaciones Exteriores (SRE) de M\u00e9xico en un comunicado, &hellip;<\/p>\n","protected":false},"author":6,"featured_media":3744,"comment_status":"open","ping_status":"closed","sticky":false,"template":"","format":"standard","meta":[],"categories":[40],"tags":[844,945],"_links":{"self":[{"href":"https:\/\/www.elgrillitosuena.com\/inicio\/wp-json\/wp\/v2\/posts\/3743"}],"collection":[{"href":"https:\/\/www.elgrillitosuena.com\/inicio\/wp-json\/wp\/v2\/posts"}],"about":[{"href":"https:\/\/www.elgrillitosuena.com\/inicio\/wp-json\/wp\/v2\/types\/post"}],"author":[{"embeddable":true,"href":"https:\/\/www.elgrillitosuena.com\/inicio\/wp-json\/wp\/v2\/users\/6"}],"replies":[{"embeddable":true,"href":"https:\/\/www.elgrillitosuena.com\/inicio\/wp-json\/wp\/v2\/comments?post=3743"}],"version-history":[{"count":1,"href":"https:\/\/www.elgrillitosuena.com\/inicio\/wp-json\/wp\/v2\/posts\/3743\/revisions"}],"predecessor-version":[{"id":3745,"href":"https:\/\/www.elgrillitosuena.com\/inicio\/wp-json\/wp\/v2\/posts\/3743\/revisions\/3745"}],"wp:featuredmedia":[{"embeddable":true,"href":"https:\/\/www.elgrillitosuena.com\/inicio\/wp-json\/wp\/v2\/media\/3744"}],"wp:attachment":[{"href":"https:\/\/www.elgrillitosuena.com\/inicio\/wp-json\/wp\/v2\/media?parent=3743"}],"wp:term":[{"taxonomy":"category","embeddable":true,"href":"https:\/\/www.elgrillitosuena.com\/inicio\/wp-json\/wp\/v2\/categories?post=3743"},{"taxonomy":"post_tag","embeddable":true,"href":"https:\/\/www.elgrillitosuena.com\/inicio\/wp-json\/wp\/v2\/tags?post=3743"}],"curies":[{"name":"wp","href":"https:\/\/api.w.org\/{rel}","templated":true}]}}