{"id":3732,"date":"2021-01-28T20:54:50","date_gmt":"2021-01-28T20:54:50","guid":{"rendered":"https:\/\/www.elgrillitosuena.com\/inicio\/?p=3732"},"modified":"2021-01-28T20:54:50","modified_gmt":"2021-01-28T20:54:50","slug":"pese-a-covid-19-mazatlan-llenara-con-aficionados-casi-la-mitad-de-la-capacidad-de-aforo-de-su-estadio","status":"publish","type":"post","link":"https:\/\/www.elgrillitosuena.com\/inicio\/noticias\/deportes\/pese-a-covid-19-mazatlan-llenara-con-aficionados-casi-la-mitad-de-la-capacidad-de-aforo-de-su-estadio\/","title":{"rendered":"Pese a COVID-19, Mazatl\u00e1n llenar\u00e1 con aficionados casi la mitad de la capacidad de aforo de su estadio"},"content":{"rendered":"<p><img decoding=\"async\" src=\"https:\/\/www.lavozdemichoacan.com.mx\/wp-content\/uploads\/2021\/01\/kraken.jpg\" \/><\/p>\n<p>La LIGA BBVA MX informa que el Club Mazatl\u00e1n notific\u00f3 que ha recibido la autorizaci\u00f3n sanitaria expresa de modo, tiempo y lugar, del Gobierno de Sinaloa para abrir las puertas de su estadio y recibir aficionados ma\u00f1ana viernes en el partido contra el Club Pachuca de la jornada 4.<\/p>\n<p>Las Secretar\u00eda de Salud estatal y municipal informaron que las condiciones epidemiol\u00f3gicas del puerto de Mazatl\u00e1n son aptas para la apertura parcial del estadio de f\u00fatbol y garantizaron el cuidado de la salud de los aficionados y jugadores con la estricta aplicaci\u00f3n de los protocolos sanitarios.<\/p>\n<p>Como se manifest\u00f3 con anterioridad, son los Gobiernos Estatales y Municipales, a trav\u00e9s de la Secretar\u00eda de Salud local, quienes tienen la facultad de determinar, de acuerdo con las condiciones epidemiol\u00f3gicas, si se llevan a cabo o no\u00a0\u00a0 eventos deportivos con p\u00fablico.<\/p>\n<p>El Club Mazatl\u00e1n entreg\u00f3 la documentaci\u00f3n requerida por la LIGA BBVA MX y deber\u00e1 cumplir con la aplicaci\u00f3n puntual de cada uno de los puntos que integran el Protocolo de Retorno a los Estadios, dentro del cual se manifiesta que la ocupaci\u00f3n no deber\u00e1 rebasar el 45% del aforo.<\/p>\n<p>La LIGA BBVA MX vigilar\u00e1 la correcta aplicaci\u00f3n de los lineamientos establecidos en dichos protocolos.<\/p>\n<p>Con informaci\u00f3n de La Voz de Michoac\u00e1n<\/p>\n","protected":false},"excerpt":{"rendered":"<p>La LIGA BBVA MX informa que el Club Mazatl\u00e1n notific\u00f3 que ha recibido la autorizaci\u00f3n sanitaria expresa de modo, tiempo y lugar, del Gobierno de Sinaloa para abrir las puertas de su estadio y recibir aficionados ma\u00f1ana viernes en el partido contra el Club Pachuca de la jornada 4. Las Secretar\u00eda de Salud estatal y &hellip;<\/p>\n","protected":false},"author":6,"featured_media":3733,"comment_status":"open","ping_status":"closed","sticky":false,"template":"","format":"standard","meta":[],"categories":[45],"tags":[165,85,944],"_links":{"self":[{"href":"https:\/\/www.elgrillitosuena.com\/inicio\/wp-json\/wp\/v2\/posts\/3732"}],"collection":[{"href":"https:\/\/www.elgrillitosuena.com\/inicio\/wp-json\/wp\/v2\/posts"}],"about":[{"href":"https:\/\/www.elgrillitosuena.com\/inicio\/wp-json\/wp\/v2\/types\/post"}],"author":[{"embeddable":true,"href":"https:\/\/www.elgrillitosuena.com\/inicio\/wp-json\/wp\/v2\/users\/6"}],"replies":[{"embeddable":true,"href":"https:\/\/www.elgrillitosuena.com\/inicio\/wp-json\/wp\/v2\/comments?post=3732"}],"version-history":[{"count":1,"href":"https:\/\/www.elgrillitosuena.com\/inicio\/wp-json\/wp\/v2\/posts\/3732\/revisions"}],"predecessor-version":[{"id":3734,"href":"https:\/\/www.elgrillitosuena.com\/inicio\/wp-json\/wp\/v2\/posts\/3732\/revisions\/3734"}],"wp:featuredmedia":[{"embeddable":true,"href":"https:\/\/www.elgrillitosuena.com\/inicio\/wp-json\/wp\/v2\/media\/3733"}],"wp:attachment":[{"href":"https:\/\/www.elgrillitosuena.com\/inicio\/wp-json\/wp\/v2\/media?parent=3732"}],"wp:term":[{"taxonomy":"category","embeddable":true,"href":"https:\/\/www.elgrillitosuena.com\/inicio\/wp-json\/wp\/v2\/categories?post=3732"},{"taxonomy":"post_tag","embeddable":true,"href":"https:\/\/www.elgrillitosuena.com\/inicio\/wp-json\/wp\/v2\/tags?post=3732"}],"curies":[{"name":"wp","href":"https:\/\/api.w.org\/{rel}","templated":true}]}}