{"id":3710,"date":"2021-01-28T18:26:15","date_gmt":"2021-01-28T18:26:15","guid":{"rendered":"https:\/\/www.elgrillitosuena.com\/inicio\/?p=3710"},"modified":"2021-01-29T13:40:56","modified_gmt":"2021-01-29T13:40:56","slug":"el-festival-de-cannes-confirma-las-fechas-para-su-edicion-2021","status":"publish","type":"post","link":"https:\/\/www.elgrillitosuena.com\/inicio\/life-style\/entretenimiento\/el-festival-de-cannes-confirma-las-fechas-para-su-edicion-2021\/","title":{"rendered":"El Festival de Canes Confirma las Fechas para su Edici\u00f3n 2021"},"content":{"rendered":"<p><img decoding=\"async\" loading=\"lazy\" class=\"\" src=\"https:\/\/i1.wp.com\/www.sopitas.com\/wp-content\/uploads\/2021\/01\/festival-de-cine-cannes-2021-591x307.png\" alt=\"El Festival de Cannes confirma las fechas para la edici\u00f3n 2021\" width=\"683\" height=\"355\" \/><\/p>\n<p>Aunque llevamos meses pensando que estamos en la llamada \u2018nueva normalidad\u2019, el coronavirus nos ha dado una verdadera cachetada de realidad. Es por eso que a\u00fan tenemos que posponer todos los planes que ten\u00edamos; sin embargo, poco a poco<strong>\u00a0el mundo est\u00e1 logrando hacer algunos eventos importantes agendados para este a\u00f1o como el Festival de Cannes<\/strong>, que para sorpresa de muchos ya est\u00e1 planeando su edici\u00f3n 2021.<\/p>\n<p>Como recordar\u00e1n, a mediados de febrero de 2020 y cuando el COVID-19 se estaba convirtiendo en un tema de salud importante en todo el planeta, se hablaba sobre la posibilidad de posponer el certamen de cine en Francia. Pero ante el inminente panorama mundial decidieron que <strong>despu\u00e9s de 70 a\u00f1os ininterrumpidos,<\/strong>\u00a0<strong>lo mejor para todos los asistentes era posponerlo hasta nuevo aviso<\/strong>, aunque para sorpresa de todos\u00a0<strong>s\u00ed presentaron la\u00a0<a href=\"https:\/\/www.sopitas.com\/entretenimiento\/wes-anderson-pixar-studio-ghibli-cannes-2020-lineup\/\" target=\"_blank\" rel=\"noopener noreferrer\">selecci\u00f3n oficial<\/a>\u00a0de esta edici\u00f3n.\u00a0<\/strong><\/p>\n<h2>El Festival de Cannes regresar\u00e1 este 2021<\/h2>\n<p>Desde entonces, la industria cinematogr\u00e1fica se ha estado recuperando paso a pasito. Es por eso que muchos se sienten optimistas al respecto, como el caso del\u00a0<strong>Festival de Cannes, que nos dej\u00f3 con el ojo cuadrado porque est\u00e1n preparando todo para volver este a\u00f1o<\/strong>. S\u00ed, lo leyeron muy bien, de acuerdo con\u00a0<a href=\"https:\/\/variety.com\/2021\/film\/global\/cannes-confirms-july-dates-for-2021-festival-1234893453\/\" target=\"_blank\" rel=\"noopener noreferrer\"><em>Variety<\/em><\/a>, tras una larga discusi\u00f3n los organizadores se pusieron de acuerdo y f<strong>ijaron las fechas en las que se llevar\u00e1 a cabo el festival este 2021.\u00a0<\/strong><\/p>\n<p>Seg\u00fan la misma fuente, el certamen de cine \u2013uno de los m\u00e1s importantes del mundo\u2013 los d\u00edas iniciales de Cannes eran del 11 al 22 de mayo. Pero obviamente no parec\u00edan viables, ya que\u00a0<strong>Francia est\u00e1 a punto de sufrir un nuevo cierre para enfrentar a la segunda ola de COVID-19<\/strong>. En su lugar y considerando que unos cuantos meses las cosas estar\u00edan calmadas,\u00a0<strong>el festival se celebrar\u00e1 del martes 6 al s\u00e1bado 17 de julio.\u00a0<\/strong><\/p>\n<h2>Tambi\u00e9n tienen un respaldo con nuevas fechas<\/h2>\n<p>Por ahora, esta es la \u00fanica informaci\u00f3n que tenemos sobre el Festival de Cannes. Pero ante el panorama incierto,\u00a0<em>Variety<\/em>\u00a0tambi\u00e9n menciona que si las fechas de julio no funcionan y el coronavirus no permite que se realice,\u00a0<strong>se est\u00e1 considerando el final de agosto como respaldo<\/strong>. Este \u00faltimo escenario podr\u00eda ser problem\u00e1tico,\u00a0<strong>debido a su proximidad con el Festival de Cine de Venecia, que se celebrar\u00e1 del 1 al 11 de septiembre.<\/strong><\/p>\n<p>Se espera que\u00a0<strong>Spike Lee, que fue nombrado presidente del jurado de Cannes en enero de 2020<\/strong>, pero que no lleg\u00f3 a ejercer su cargo debido a la cancelaci\u00f3n del festival,\u00a0<strong>dirija el jurado de 2021<\/strong>. Solo el tiempo y la evoluci\u00f3n de la pandemia en Francia nos dir\u00e1 si en esta ocasi\u00f3n s\u00ed se logra hacer uno de los espacios m\u00e1s importantes del s\u00e9ptimo arte en todo el mundo.<\/p>\n<p>Con informaci\u00f3n de Terra<\/p>\n","protected":false},"excerpt":{"rendered":"<p>Aunque llevamos meses pensando que estamos en la llamada \u2018nueva normalidad\u2019, el coronavirus nos ha dado una verdadera cachetada de realidad. Es por eso que a\u00fan tenemos que posponer todos los planes que ten\u00edamos; sin embargo, poco a poco\u00a0el mundo est\u00e1 logrando hacer algunos eventos importantes agendados para este a\u00f1o como el Festival de Cannes, &hellip;<\/p>\n","protected":false},"author":6,"featured_media":3711,"comment_status":"open","ping_status":"closed","sticky":false,"template":"","format":"standard","meta":[],"categories":[41,44],"tags":[936,165],"_links":{"self":[{"href":"https:\/\/www.elgrillitosuena.com\/inicio\/wp-json\/wp\/v2\/posts\/3710"}],"collection":[{"href":"https:\/\/www.elgrillitosuena.com\/inicio\/wp-json\/wp\/v2\/posts"}],"about":[{"href":"https:\/\/www.elgrillitosuena.com\/inicio\/wp-json\/wp\/v2\/types\/post"}],"author":[{"embeddable":true,"href":"https:\/\/www.elgrillitosuena.com\/inicio\/wp-json\/wp\/v2\/users\/6"}],"replies":[{"embeddable":true,"href":"https:\/\/www.elgrillitosuena.com\/inicio\/wp-json\/wp\/v2\/comments?post=3710"}],"version-history":[{"count":2,"href":"https:\/\/www.elgrillitosuena.com\/inicio\/wp-json\/wp\/v2\/posts\/3710\/revisions"}],"predecessor-version":[{"id":3739,"href":"https:\/\/www.elgrillitosuena.com\/inicio\/wp-json\/wp\/v2\/posts\/3710\/revisions\/3739"}],"wp:featuredmedia":[{"embeddable":true,"href":"https:\/\/www.elgrillitosuena.com\/inicio\/wp-json\/wp\/v2\/media\/3711"}],"wp:attachment":[{"href":"https:\/\/www.elgrillitosuena.com\/inicio\/wp-json\/wp\/v2\/media?parent=3710"}],"wp:term":[{"taxonomy":"category","embeddable":true,"href":"https:\/\/www.elgrillitosuena.com\/inicio\/wp-json\/wp\/v2\/categories?post=3710"},{"taxonomy":"post_tag","embeddable":true,"href":"https:\/\/www.elgrillitosuena.com\/inicio\/wp-json\/wp\/v2\/tags?post=3710"}],"curies":[{"name":"wp","href":"https:\/\/api.w.org\/{rel}","templated":true}]}}