{"id":3328,"date":"2021-01-19T14:26:36","date_gmt":"2021-01-19T14:26:36","guid":{"rendered":"https:\/\/www.elgrillitosuena.com\/inicio\/?p=3328"},"modified":"2021-01-19T14:26:36","modified_gmt":"2021-01-19T14:26:36","slug":"la-oms-regana-al-mundo-por-acaparamiento-de-vacunas","status":"publish","type":"post","link":"https:\/\/www.elgrillitosuena.com\/inicio\/noticias\/mundo\/la-oms-regana-al-mundo-por-acaparamiento-de-vacunas\/","title":{"rendered":"La OMS rega\u00f1a al mundo por acaparamiento de vacunas"},"content":{"rendered":"<p><img decoding=\"async\" loading=\"lazy\" class=\"alignnone wp-image-3329\" src=\"https:\/\/www.elgrillitosuena.com\/inicio\/wp-content\/uploads\/2021\/01\/2513769-300x225.jpg\" alt=\"\" width=\"675\" height=\"506\" srcset=\"https:\/\/www.elgrillitosuena.com\/inicio\/wp-content\/uploads\/2021\/01\/2513769-300x225.jpg 300w, https:\/\/www.elgrillitosuena.com\/inicio\/wp-content\/uploads\/2021\/01\/2513769.jpg 664w\" sizes=\"(max-width: 675px) 100vw, 675px\" \/><\/p>\n<p>GINEBRA.El <strong>jefe<\/strong>\u00a0de la\u00a0<strong>Organizaci\u00f3n Mundial de la Salud\u00a0<\/strong>dijo este lunes que el\u00a0<strong>mundo<\/strong>\u00a0estaba al\u00a0<strong>borde<\/strong>\u00a0de un\u00a0<strong>&#8220;fracaso moral catastr\u00f3fico&#8221;<\/strong>\u00a0en compartir la<strong>\u00a0distribuci\u00f3n de vacunas<\/strong>, instando a los\u00a0<strong>pa\u00edses<\/strong>\u00a0y\u00a0<strong>fabricantes<\/strong>\u00a0a\u00a0<strong>distribuir<\/strong>\u00a0las\u00a0<strong>dosis<\/strong>\u00a0de\u00a0<strong>inyecciones<\/strong>\u00a0contra el\u00a0<strong>covid-19<\/strong>\u00a0de manera\u00a0<strong>m\u00e1s justa<\/strong>.<\/p>\n<blockquote><p>Este enfoque de &#8216;yo primero&#8217; no solo deja en riesgo a los m\u00e1s pobres y vulnerables del mundo, sino que tambi\u00e9n es contraproducente&#8221;, advirti\u00f3 el director general de la OMS, Tedros Adhanom Ghebreyesus, en la inauguraci\u00f3n de la reuni\u00f3n anual del Consejo Ejecutivo del organismo.<\/p>\n<p>En \u00faltima instancia, estas acciones solo prolongar\u00e1n la pandemia&#8221;, enfatiz\u00f3.<\/p><\/blockquote>\n<p>Tedros dijo que las\u00a0<strong>perspectivas<\/strong>\u00a0de una\u00a0<strong>distribuci\u00f3n equitativa<\/strong>\u00a0estaban en\u00a0<strong>&#8220;grave riesgo&#8221;<\/strong>, precisamente cuando su\u00a0<strong>programa<\/strong>\u00a0de\u00a0<strong>intercambio de vacunas COVAX<\/strong>\u00a0ten\u00eda como objetivo comenzar a\u00a0<strong>distribuir\u00a0<\/strong>las\u00a0<strong>vacunas\u00a0<\/strong>el pr\u00f3ximo mes.<\/p>\n<p>Se\u00f1al\u00f3 que el a\u00f1o pasado se firmaron 44 acuerdos bilaterales y que al menos 12 se suscribieron este a\u00f1o.<\/p>\n<blockquote>\n<blockquote><p>Esto podr\u00eda retrasar las entregas de COVAX y crear exactamente el escenario que COVAX busca evitar, con acaparamiento, un mercado ca\u00f3tico, una respuesta descoordinada y una disrupci\u00f3n social y econ\u00f3mica continua&#8221;, alert\u00f3.<\/p><\/blockquote>\n<\/blockquote>\n<p><iframe loading=\"lazy\" class=\"giphy-embed\" src=\"https:\/\/giphy.com\/embed\/U7bo3ZBR8lcKSmGdlT\" width=\"480\" height=\"480\" frameborder=\"0\" allowfullscreen=\"allowfullscreen\"><\/iframe><\/p>\n<p>&nbsp;<\/p>\n<p>El director de la OMS inst\u00f3 a los pa\u00edses a evitar los mismos errores cometidos durante las pandemias de H1N1 y VIH.<\/p>\n<p>Tedros dijo que se hab\u00edan administrado m\u00e1s de 39 millones de dosis de vacunas en 49 pa\u00edses de ingresos m\u00e1s altos, mientras que un pa\u00eds pobre solo se hab\u00edan administrado 25 dosis.<\/p>\n<p>&nbsp;<\/p>\n<p>Con informaci\u00f3n de Excelsior<\/p>\n","protected":false},"excerpt":{"rendered":"<p>GINEBRA.El jefe\u00a0de la\u00a0Organizaci\u00f3n Mundial de la Salud\u00a0dijo este lunes que el\u00a0mundo\u00a0estaba al\u00a0borde\u00a0de un\u00a0&#8220;fracaso moral catastr\u00f3fico&#8221;\u00a0en compartir la\u00a0distribuci\u00f3n de vacunas, instando a los\u00a0pa\u00edses\u00a0y\u00a0fabricantes\u00a0a\u00a0distribuir\u00a0las\u00a0dosis\u00a0de\u00a0inyecciones\u00a0contra el\u00a0covid-19\u00a0de manera\u00a0m\u00e1s justa. Este enfoque de &#8216;yo primero&#8217; no solo deja en riesgo a los m\u00e1s pobres y vulnerables del mundo, sino que tambi\u00e9n es contraproducente&#8221;, advirti\u00f3 el director general de la OMS, &hellip;<\/p>\n","protected":false},"author":2,"featured_media":3329,"comment_status":"open","ping_status":"closed","sticky":false,"template":"","format":"standard","meta":[],"categories":[40],"tags":[61,635,126],"_links":{"self":[{"href":"https:\/\/www.elgrillitosuena.com\/inicio\/wp-json\/wp\/v2\/posts\/3328"}],"collection":[{"href":"https:\/\/www.elgrillitosuena.com\/inicio\/wp-json\/wp\/v2\/posts"}],"about":[{"href":"https:\/\/www.elgrillitosuena.com\/inicio\/wp-json\/wp\/v2\/types\/post"}],"author":[{"embeddable":true,"href":"https:\/\/www.elgrillitosuena.com\/inicio\/wp-json\/wp\/v2\/users\/2"}],"replies":[{"embeddable":true,"href":"https:\/\/www.elgrillitosuena.com\/inicio\/wp-json\/wp\/v2\/comments?post=3328"}],"version-history":[{"count":1,"href":"https:\/\/www.elgrillitosuena.com\/inicio\/wp-json\/wp\/v2\/posts\/3328\/revisions"}],"predecessor-version":[{"id":3330,"href":"https:\/\/www.elgrillitosuena.com\/inicio\/wp-json\/wp\/v2\/posts\/3328\/revisions\/3330"}],"wp:featuredmedia":[{"embeddable":true,"href":"https:\/\/www.elgrillitosuena.com\/inicio\/wp-json\/wp\/v2\/media\/3329"}],"wp:attachment":[{"href":"https:\/\/www.elgrillitosuena.com\/inicio\/wp-json\/wp\/v2\/media?parent=3328"}],"wp:term":[{"taxonomy":"category","embeddable":true,"href":"https:\/\/www.elgrillitosuena.com\/inicio\/wp-json\/wp\/v2\/categories?post=3328"},{"taxonomy":"post_tag","embeddable":true,"href":"https:\/\/www.elgrillitosuena.com\/inicio\/wp-json\/wp\/v2\/tags?post=3328"}],"curies":[{"name":"wp","href":"https:\/\/api.w.org\/{rel}","templated":true}]}}