{"id":3305,"date":"2021-01-18T14:47:45","date_gmt":"2021-01-18T14:47:45","guid":{"rendered":"https:\/\/www.elgrillitosuena.com\/inicio\/?p=3305"},"modified":"2021-01-18T14:47:45","modified_gmt":"2021-01-18T14:47:45","slug":"no-huyas-cobarde-encargada-de-vacunacion-contra-covid-19-renuncia","status":"publish","type":"post","link":"https:\/\/www.elgrillitosuena.com\/inicio\/noticias\/mexico\/no-huyas-cobarde-encargada-de-vacunacion-contra-covid-19-renuncia\/","title":{"rendered":"\u00a1No huyas cobarde! Encargada de vacunaci\u00f3n contra covid-19, renuncia"},"content":{"rendered":"<p><img decoding=\"async\" loading=\"lazy\" class=\" wp-image-3306\" src=\"https:\/\/www.elgrillitosuena.com\/inicio\/wp-content\/uploads\/2021\/01\/vacuna_covid-1-300x150.jpg\" alt=\"\" width=\"686\" height=\"343\" srcset=\"https:\/\/www.elgrillitosuena.com\/inicio\/wp-content\/uploads\/2021\/01\/vacuna_covid-1-300x150.jpg 300w, https:\/\/www.elgrillitosuena.com\/inicio\/wp-content\/uploads\/2021\/01\/vacuna_covid-1-1024x512.jpg 1024w, https:\/\/www.elgrillitosuena.com\/inicio\/wp-content\/uploads\/2021\/01\/vacuna_covid-1-768x384.jpg 768w, https:\/\/www.elgrillitosuena.com\/inicio\/wp-content\/uploads\/2021\/01\/vacuna_covid-1-660x330.jpg 660w, https:\/\/www.elgrillitosuena.com\/inicio\/wp-content\/uploads\/2021\/01\/vacuna_covid-1-1050x525.jpg 1050w, https:\/\/www.elgrillitosuena.com\/inicio\/wp-content\/uploads\/2021\/01\/vacuna_covid-1.jpg 1420w\" sizes=\"(max-width: 686px) 100vw, 686px\" \/><\/p>\n<p>La encargada de vacunaci\u00f3n en\u00a0<strong>M\u00e9xico,\u00a0Miriam Veras Godoy<\/strong><a href=\"https:\/\/www.record.com.mx\/contra\" target=\"_blank\" rel=\"noopener noreferrer\">,<\/a>\u00a0present\u00f3\u00a0su renuncia al cargo en medio del arranque de la inoculaci\u00f3n contra el<strong>\u00a0<a href=\"https:\/\/www.record.com.mx\/contra\">Covid-19<\/a>\u00a0<\/strong>en el pa\u00eds, seg\u00fan confirmaron autoridades de salud.<\/p>\n<p>&#8220;Efectivamente, la doctora\u00a0<strong>Miriam Veras Godoy<\/strong>\u00a0present\u00f3 su renuncia, sus razones son meramente personales&#8221;, dijo en conferencia de prensa el titular de\u00a0<strong>Promoci\u00f3n de la Salud del pa\u00eds,\u00a0Ricardo Cort\u00e9s Alcal\u00e1.<\/strong><\/p>\n<p><strong>Veras Godoy\u00a0<\/strong>se desempe\u00f1aba como directora del<strong>\u00a0Centro Nacional para la Salud de la Infancia y la Adolescencia<\/strong>\u00a0(CeNSIA), entidad dependiente de la\u00a0<strong>Secretaria de Salud federal\u00a0<\/strong>y form\u00f3 parte del equipo que dise\u00f1\u00f3 e implement\u00f3 el plan de vacunaci\u00f3n contra el coronavirus en M\u00e9xico.<\/p>\n<p><strong>Cort\u00e9s<\/strong>\u00a0se\u00f1al\u00f3 desconocer las razones por las que la doctora dej\u00f3 su cargo, aunque aclar\u00f3 que no fue porque estuviera en desacuerdo con la forma en la que se ha implementado el plan de inoculaci\u00f3n como hab\u00eda trascendido en algunos medios nacionales.<\/p>\n","protected":false},"excerpt":{"rendered":"<p>La encargada de vacunaci\u00f3n en\u00a0M\u00e9xico,\u00a0Miriam Veras Godoy,\u00a0present\u00f3\u00a0su renuncia al cargo en medio del arranque de la inoculaci\u00f3n contra el\u00a0Covid-19\u00a0en el pa\u00eds, seg\u00fan confirmaron autoridades de salud. &#8220;Efectivamente, la doctora\u00a0Miriam Veras Godoy\u00a0present\u00f3 su renuncia, sus razones son meramente personales&#8221;, dijo en conferencia de prensa el titular de\u00a0Promoci\u00f3n de la Salud del pa\u00eds,\u00a0Ricardo Cort\u00e9s Alcal\u00e1. Veras Godoy\u00a0se &hellip;<\/p>\n","protected":false},"author":2,"featured_media":3306,"comment_status":"open","ping_status":"closed","sticky":false,"template":"","format":"standard","meta":[],"categories":[39],"tags":[61,832,127],"_links":{"self":[{"href":"https:\/\/www.elgrillitosuena.com\/inicio\/wp-json\/wp\/v2\/posts\/3305"}],"collection":[{"href":"https:\/\/www.elgrillitosuena.com\/inicio\/wp-json\/wp\/v2\/posts"}],"about":[{"href":"https:\/\/www.elgrillitosuena.com\/inicio\/wp-json\/wp\/v2\/types\/post"}],"author":[{"embeddable":true,"href":"https:\/\/www.elgrillitosuena.com\/inicio\/wp-json\/wp\/v2\/users\/2"}],"replies":[{"embeddable":true,"href":"https:\/\/www.elgrillitosuena.com\/inicio\/wp-json\/wp\/v2\/comments?post=3305"}],"version-history":[{"count":1,"href":"https:\/\/www.elgrillitosuena.com\/inicio\/wp-json\/wp\/v2\/posts\/3305\/revisions"}],"predecessor-version":[{"id":3307,"href":"https:\/\/www.elgrillitosuena.com\/inicio\/wp-json\/wp\/v2\/posts\/3305\/revisions\/3307"}],"wp:featuredmedia":[{"embeddable":true,"href":"https:\/\/www.elgrillitosuena.com\/inicio\/wp-json\/wp\/v2\/media\/3306"}],"wp:attachment":[{"href":"https:\/\/www.elgrillitosuena.com\/inicio\/wp-json\/wp\/v2\/media?parent=3305"}],"wp:term":[{"taxonomy":"category","embeddable":true,"href":"https:\/\/www.elgrillitosuena.com\/inicio\/wp-json\/wp\/v2\/categories?post=3305"},{"taxonomy":"post_tag","embeddable":true,"href":"https:\/\/www.elgrillitosuena.com\/inicio\/wp-json\/wp\/v2\/tags?post=3305"}],"curies":[{"name":"wp","href":"https:\/\/api.w.org\/{rel}","templated":true}]}}