{"id":3282,"date":"2021-01-18T14:08:36","date_gmt":"2021-01-18T14:08:36","guid":{"rendered":"https:\/\/www.elgrillitosuena.com\/inicio\/?p=3282"},"modified":"2021-01-18T14:08:36","modified_gmt":"2021-01-18T14:08:36","slug":"dar-a-conocer-el-expediente-de-cienfuegos-no-afecta-las-relaciones-con-eu-hicimos-lo-correcto-dice-amlo","status":"publish","type":"post","link":"https:\/\/www.elgrillitosuena.com\/inicio\/noticias\/mexico\/dar-a-conocer-el-expediente-de-cienfuegos-no-afecta-las-relaciones-con-eu-hicimos-lo-correcto-dice-amlo\/","title":{"rendered":"Dar a conocer el expediente de Cienfuegos no afecta las relaciones con EU; \u201chicimos lo correcto\u201d, dice AMLO"},"content":{"rendered":"<p><img decoding=\"async\" loading=\"lazy\" class=\"alignnone  wp-image-3283\" src=\"https:\/\/www.elgrillitosuena.com\/inicio\/wp-content\/uploads\/2021\/01\/amlo-ofrece-no-reservar-contratos-vacunas-covid-19-ebrard-contradice-300x155.jpg\" alt=\"\" width=\"604\" height=\"312\" srcset=\"https:\/\/www.elgrillitosuena.com\/inicio\/wp-content\/uploads\/2021\/01\/amlo-ofrece-no-reservar-contratos-vacunas-covid-19-ebrard-contradice-300x155.jpg 300w, https:\/\/www.elgrillitosuena.com\/inicio\/wp-content\/uploads\/2021\/01\/amlo-ofrece-no-reservar-contratos-vacunas-covid-19-ebrard-contradice-1024x529.jpg 1024w, https:\/\/www.elgrillitosuena.com\/inicio\/wp-content\/uploads\/2021\/01\/amlo-ofrece-no-reservar-contratos-vacunas-covid-19-ebrard-contradice-768x397.jpg 768w, https:\/\/www.elgrillitosuena.com\/inicio\/wp-content\/uploads\/2021\/01\/amlo-ofrece-no-reservar-contratos-vacunas-covid-19-ebrard-contradice.jpg 1200w\" sizes=\"(max-width: 604px) 100vw, 604px\" \/><\/p>\n<p>El presidente\u00a0<strong>Andr\u00e9s Manuel L\u00f3pez Obrador<\/strong>\u00a0afirm\u00f3 este lunes que revelar el\u00a0<strong>expediente contra el general Salvador Cienfuegos<\/strong>\u00a0no pondr\u00e1 en riesgo las relaciones con el actual gobierno de\u00a0<strong>Estados Unidos<\/strong>\u00a0ni con la pr\u00f3xima administraci\u00f3n; asegur\u00f3 que \u201chizo lo correcto\u201d para\u00a0<strong>M\u00e9xico<\/strong>.<\/p>\n<p>En conferencia desde Palacio Nacional, reiter\u00f3 que la investigaci\u00f3n de la\u00a0<strong>DEA<\/strong>\u00a0se bas\u00f3 \u00fanicamente en el registro de mensajes por medio de celulares y con acusaciones inveros\u00edmiles.<\/p>\n<p>Con informaci\u00f3n de Latinus<\/p>\n","protected":false},"excerpt":{"rendered":"<p>El presidente\u00a0Andr\u00e9s Manuel L\u00f3pez Obrador\u00a0afirm\u00f3 este lunes que revelar el\u00a0expediente contra el general Salvador Cienfuegos\u00a0no pondr\u00e1 en riesgo las relaciones con el actual gobierno de\u00a0Estados Unidos\u00a0ni con la pr\u00f3xima administraci\u00f3n; asegur\u00f3 que \u201chizo lo correcto\u201d para\u00a0M\u00e9xico. En conferencia desde Palacio Nacional, reiter\u00f3 que la investigaci\u00f3n de la\u00a0DEA\u00a0se bas\u00f3 \u00fanicamente en el registro de mensajes por &hellip;<\/p>\n","protected":false},"author":2,"featured_media":3283,"comment_status":"open","ping_status":"closed","sticky":false,"template":"","format":"standard","meta":[],"categories":[39],"tags":[98,822,405],"_links":{"self":[{"href":"https:\/\/www.elgrillitosuena.com\/inicio\/wp-json\/wp\/v2\/posts\/3282"}],"collection":[{"href":"https:\/\/www.elgrillitosuena.com\/inicio\/wp-json\/wp\/v2\/posts"}],"about":[{"href":"https:\/\/www.elgrillitosuena.com\/inicio\/wp-json\/wp\/v2\/types\/post"}],"author":[{"embeddable":true,"href":"https:\/\/www.elgrillitosuena.com\/inicio\/wp-json\/wp\/v2\/users\/2"}],"replies":[{"embeddable":true,"href":"https:\/\/www.elgrillitosuena.com\/inicio\/wp-json\/wp\/v2\/comments?post=3282"}],"version-history":[{"count":1,"href":"https:\/\/www.elgrillitosuena.com\/inicio\/wp-json\/wp\/v2\/posts\/3282\/revisions"}],"predecessor-version":[{"id":3284,"href":"https:\/\/www.elgrillitosuena.com\/inicio\/wp-json\/wp\/v2\/posts\/3282\/revisions\/3284"}],"wp:featuredmedia":[{"embeddable":true,"href":"https:\/\/www.elgrillitosuena.com\/inicio\/wp-json\/wp\/v2\/media\/3283"}],"wp:attachment":[{"href":"https:\/\/www.elgrillitosuena.com\/inicio\/wp-json\/wp\/v2\/media?parent=3282"}],"wp:term":[{"taxonomy":"category","embeddable":true,"href":"https:\/\/www.elgrillitosuena.com\/inicio\/wp-json\/wp\/v2\/categories?post=3282"},{"taxonomy":"post_tag","embeddable":true,"href":"https:\/\/www.elgrillitosuena.com\/inicio\/wp-json\/wp\/v2\/tags?post=3282"}],"curies":[{"name":"wp","href":"https:\/\/api.w.org\/{rel}","templated":true}]}}