{"id":3063,"date":"2021-01-05T05:10:46","date_gmt":"2021-01-05T05:10:46","guid":{"rendered":"https:\/\/www.elgrillitosuena.com\/inicio\/?p=3063"},"modified":"2021-01-05T05:10:46","modified_gmt":"2021-01-05T05:10:46","slug":"amlo-inicia-gira-2021-en-michoacan","status":"publish","type":"post","link":"https:\/\/www.elgrillitosuena.com\/inicio\/noticias\/michoacan\/amlo-inicia-gira-2021-en-michoacan\/","title":{"rendered":"AMLO Inicia Gira 2021 en Michoac\u00e1n"},"content":{"rendered":"<h1><img decoding=\"async\" loading=\"lazy\" class=\"alignnone size-full wp-image-2990\" src=\"https:\/\/www.elgrillitosuena.com\/inicio\/wp-content\/uploads\/2020\/12\/image_large-1.jpg\" alt=\"\" width=\"1117\" height=\"741\" srcset=\"https:\/\/www.elgrillitosuena.com\/inicio\/wp-content\/uploads\/2020\/12\/image_large-1.jpg 1117w, https:\/\/www.elgrillitosuena.com\/inicio\/wp-content\/uploads\/2020\/12\/image_large-1-300x199.jpg 300w, https:\/\/www.elgrillitosuena.com\/inicio\/wp-content\/uploads\/2020\/12\/image_large-1-1024x679.jpg 1024w, https:\/\/www.elgrillitosuena.com\/inicio\/wp-content\/uploads\/2020\/12\/image_large-1-768x509.jpg 768w, https:\/\/www.elgrillitosuena.com\/inicio\/wp-content\/uploads\/2020\/12\/image_large-1-310x205.jpg 310w\" sizes=\"(max-width: 1117px) 100vw, 1117px\" \/><\/h1>\n<h1>INAUGURAR\u00c1 CUARTELES DE LA GUARDIA NACIONAL Y REVISAR\u00c1 LOS RESULTADOS DE LOS PROGRAMAS PARA EL BIENESTAR.<\/h1>\n<p>&nbsp;<\/p>\n<p><strong>Morelia Mich.- 04 de Enero del 2021 <\/strong>El Presidente Constitucional de los Estados Unidos Mexicanos, Andr\u00e9s Manuel L\u00f3pez Obrador, visitar\u00e1 Michoac\u00e1n el pr\u00f3ximo\u00a0viernes 08 de enero, inform\u00f3 Roberto Pantoja Arzola, Delegado Estatal de Programas para el Bienestar.<\/p>\n<p>El funcionario federal indic\u00f3 que durante su primera gira en 2021 y octava visita a la entidad durante su gesti\u00f3n, el Presidente de M\u00e9xico <strong>revisar\u00e1 los resultados de los programas para el Bienestar<\/strong> e inaugurar\u00e1 cuarteles de la Guardia Nacional.<\/p>\n<p><img decoding=\"async\" loading=\"lazy\" class=\"alignnone size-full wp-image-3039\" src=\"https:\/\/www.elgrillitosuena.com\/inicio\/wp-content\/uploads\/2021\/01\/amlo-con-cubrebocas.jpg\" alt=\"\" width=\"1140\" height=\"712\" srcset=\"https:\/\/www.elgrillitosuena.com\/inicio\/wp-content\/uploads\/2021\/01\/amlo-con-cubrebocas.jpg 1140w, https:\/\/www.elgrillitosuena.com\/inicio\/wp-content\/uploads\/2021\/01\/amlo-con-cubrebocas-300x187.jpg 300w, https:\/\/www.elgrillitosuena.com\/inicio\/wp-content\/uploads\/2021\/01\/amlo-con-cubrebocas-1024x640.jpg 1024w, https:\/\/www.elgrillitosuena.com\/inicio\/wp-content\/uploads\/2021\/01\/amlo-con-cubrebocas-768x480.jpg 768w\" sizes=\"(max-width: 1140px) 100vw, 1140px\" \/><\/p>\n<p>De acuerdo a la agenda preliminar de\u00a0Presidencia de la Rep\u00fablica, el presidente encabezar\u00e1 la tradicional conferencia de prensa matutina en Palacio Nacional, en la\u00a0<strong>Ciudad de M\u00e9xico<\/strong>, y posteriormente se dirigir\u00e1 a la capital michoacana para revisar el balance de los programas de la Secretar\u00eda de Bienestar.<\/p>\n<p>Despu\u00e9s, el Presidente Andr\u00e9s Manuel L\u00f3pez Obrador\u00a0<strong>inaugurar\u00e1 dos cuarteles\u00a0<\/strong>de la Guardia Nacional en el estado.<\/p>\n<figure id=\"attachment_2667\" aria-describedby=\"caption-attachment-2667\" style=\"width: 1280px\" class=\"wp-caption alignnone\"><img decoding=\"async\" loading=\"lazy\" class=\"size-full wp-image-2667\" src=\"https:\/\/www.elgrillitosuena.com\/inicio\/wp-content\/uploads\/2020\/12\/amlo3.jpg\" alt=\"\" width=\"1280\" height=\"825\" srcset=\"https:\/\/www.elgrillitosuena.com\/inicio\/wp-content\/uploads\/2020\/12\/amlo3.jpg 1280w, https:\/\/www.elgrillitosuena.com\/inicio\/wp-content\/uploads\/2020\/12\/amlo3-300x193.jpg 300w, https:\/\/www.elgrillitosuena.com\/inicio\/wp-content\/uploads\/2020\/12\/amlo3-1024x660.jpg 1024w, https:\/\/www.elgrillitosuena.com\/inicio\/wp-content\/uploads\/2020\/12\/amlo3-768x495.jpg 768w\" sizes=\"(max-width: 1280px) 100vw, 1280px\" \/><figcaption id=\"caption-attachment-2667\" class=\"wp-caption-text\"><span style=\"font-size: 16px\">Cabe destacar que, debido a la pandemia ocasionada por el <\/span><strong style=\"font-size: 16px\">Covid-19<\/strong><span style=\"font-size: 16px\">, los eventos programados se realizar\u00e1n con la asistencia de un n\u00famero reducido de funcionarios, evitando as\u00ed aglomeraciones.<\/span><\/figcaption><\/figure>\n<p>Tras su visita a Michoac\u00e1n, L\u00f3pez Obrador continuar\u00e1 con su gira en el vecino estado de\u00a0<strong>Colima<\/strong>, para despu\u00e9s regresar a la Ciudad de M\u00e9xico.<\/p>\n","protected":false},"excerpt":{"rendered":"<p>INAUGURAR\u00c1 CUARTELES DE LA GUARDIA NACIONAL Y REVISAR\u00c1 LOS RESULTADOS DE LOS PROGRAMAS PARA EL BIENESTAR. &nbsp; Morelia Mich.- 04 de Enero del 2021 El Presidente Constitucional de los Estados Unidos Mexicanos, Andr\u00e9s Manuel L\u00f3pez Obrador, visitar\u00e1 Michoac\u00e1n el pr\u00f3ximo\u00a0viernes 08 de enero, inform\u00f3 Roberto Pantoja Arzola, Delegado Estatal de Programas para el Bienestar. El &hellip;<\/p>\n","protected":false},"author":2,"featured_media":2990,"comment_status":"open","ping_status":"closed","sticky":false,"template":"","format":"standard","meta":[],"categories":[38,51],"tags":[98,773,56,772],"_links":{"self":[{"href":"https:\/\/www.elgrillitosuena.com\/inicio\/wp-json\/wp\/v2\/posts\/3063"}],"collection":[{"href":"https:\/\/www.elgrillitosuena.com\/inicio\/wp-json\/wp\/v2\/posts"}],"about":[{"href":"https:\/\/www.elgrillitosuena.com\/inicio\/wp-json\/wp\/v2\/types\/post"}],"author":[{"embeddable":true,"href":"https:\/\/www.elgrillitosuena.com\/inicio\/wp-json\/wp\/v2\/users\/2"}],"replies":[{"embeddable":true,"href":"https:\/\/www.elgrillitosuena.com\/inicio\/wp-json\/wp\/v2\/comments?post=3063"}],"version-history":[{"count":1,"href":"https:\/\/www.elgrillitosuena.com\/inicio\/wp-json\/wp\/v2\/posts\/3063\/revisions"}],"predecessor-version":[{"id":3064,"href":"https:\/\/www.elgrillitosuena.com\/inicio\/wp-json\/wp\/v2\/posts\/3063\/revisions\/3064"}],"wp:featuredmedia":[{"embeddable":true,"href":"https:\/\/www.elgrillitosuena.com\/inicio\/wp-json\/wp\/v2\/media\/2990"}],"wp:attachment":[{"href":"https:\/\/www.elgrillitosuena.com\/inicio\/wp-json\/wp\/v2\/media?parent=3063"}],"wp:term":[{"taxonomy":"category","embeddable":true,"href":"https:\/\/www.elgrillitosuena.com\/inicio\/wp-json\/wp\/v2\/categories?post=3063"},{"taxonomy":"post_tag","embeddable":true,"href":"https:\/\/www.elgrillitosuena.com\/inicio\/wp-json\/wp\/v2\/tags?post=3063"}],"curies":[{"name":"wp","href":"https:\/\/api.w.org\/{rel}","templated":true}]}}