{"id":3058,"date":"2021-01-05T04:51:14","date_gmt":"2021-01-05T04:51:14","guid":{"rendered":"https:\/\/www.elgrillitosuena.com\/inicio\/?p=3058"},"modified":"2021-01-05T04:51:14","modified_gmt":"2021-01-05T04:51:14","slug":"este-4-de-enero-cofepris-autorizo-la-vacuna-anti-covid-19-en-mexico","status":"publish","type":"post","link":"https:\/\/www.elgrillitosuena.com\/inicio\/noticias\/mexico\/este-4-de-enero-cofepris-autorizo-la-vacuna-anti-covid-19-en-mexico\/","title":{"rendered":"Este 4 de Enero COFEPRIS autoriz\u00f3 la vacuna Anti COVID-19 en M\u00e9xico"},"content":{"rendered":"<p><img decoding=\"async\" loading=\"lazy\" class=\"alignnone size-full wp-image-3059\" src=\"https:\/\/www.elgrillitosuena.com\/inicio\/wp-content\/uploads\/2021\/01\/A1GATELL.png\" alt=\"\" width=\"1600\" height=\"900\" srcset=\"https:\/\/www.elgrillitosuena.com\/inicio\/wp-content\/uploads\/2021\/01\/A1GATELL.png 1600w, https:\/\/www.elgrillitosuena.com\/inicio\/wp-content\/uploads\/2021\/01\/A1GATELL-300x169.png 300w, https:\/\/www.elgrillitosuena.com\/inicio\/wp-content\/uploads\/2021\/01\/A1GATELL-1024x576.png 1024w, https:\/\/www.elgrillitosuena.com\/inicio\/wp-content\/uploads\/2021\/01\/A1GATELL-768x432.png 768w, https:\/\/www.elgrillitosuena.com\/inicio\/wp-content\/uploads\/2021\/01\/A1GATELL-1536x864.png 1536w\" sizes=\"(max-width: 1600px) 100vw, 1600px\" \/><\/p>\n<p>CDMX.- El Subsecretario de Promoci\u00f3n y Prevenci\u00f3n de Salud Hugo L\u00f3pez Gatell Ram\u00edrez, informo que la COFEPRIS autoriz\u00f3 en el pa\u00eds la vacuna contra el COVID-19 de la empresa AztraZeneca<\/p>\n<p>Fue mediante una publicaci\u00f3n en su cuenta oficial de Twitter que el funcionario originario de CDMX confirm\u00f3 la noticia con el siguiente mensaje:<\/p>\n<blockquote><p>&#8220;Hoy, 4 de Enero de 2021, @COFEPRIS autoriz\u00f3 la vacuna de AztraZeneca para uso de emergencia contra el virus SARS-COV-2.<\/p><\/blockquote>\n<p>&nbsp;<\/p>\n<p>Pero el subsecretario no fue el \u00fanico que anunci\u00f3 la aprobaci\u00f3n del f\u00e1rmaco, pues el Secretario de relaciones exteriores, Marcelo Ebrard Casaub\u00f3n, tambi\u00e9n confirm\u00f3 la nota en cuenta de la misma red social.<\/p>\n<p>&nbsp;<\/p>\n<p>Este, adem\u00e1s asegur\u00f3 que la vacuna de AztraZeneca ser\u00e1 producida en M\u00e9xico, a la vez que celebr\u00f3 lo antes mencionado por considerarla una buena noticia por parte de COFEPRIS, pues acerca el final de la Pandemia.<\/p>\n<p>&nbsp;<\/p>\n<blockquote><p>&#8220;Muy buena noticia la aprobaci\u00f3n de emergencia de la vacuna AztraZeneca por parte de COFEPRIS!!!! Con ello se iniciar\u00e1 muy pronto la producci\u00f3n en M\u00e9xico&#8221;, dijo.<\/p><\/blockquote>\n","protected":false},"excerpt":{"rendered":"<p>CDMX.- El Subsecretario de Promoci\u00f3n y Prevenci\u00f3n de Salud Hugo L\u00f3pez Gatell Ram\u00edrez, informo que la COFEPRIS autoriz\u00f3 en el pa\u00eds la vacuna contra el COVID-19 de la empresa AztraZeneca Fue mediante una publicaci\u00f3n en su cuenta oficial de Twitter que el funcionario originario de CDMX confirm\u00f3 la noticia con el siguiente mensaje: &#8220;Hoy, 4 &hellip;<\/p>\n","protected":false},"author":2,"featured_media":3059,"comment_status":"open","ping_status":"closed","sticky":false,"template":"","format":"standard","meta":[],"categories":[39,51],"tags":[770,165,711],"_links":{"self":[{"href":"https:\/\/www.elgrillitosuena.com\/inicio\/wp-json\/wp\/v2\/posts\/3058"}],"collection":[{"href":"https:\/\/www.elgrillitosuena.com\/inicio\/wp-json\/wp\/v2\/posts"}],"about":[{"href":"https:\/\/www.elgrillitosuena.com\/inicio\/wp-json\/wp\/v2\/types\/post"}],"author":[{"embeddable":true,"href":"https:\/\/www.elgrillitosuena.com\/inicio\/wp-json\/wp\/v2\/users\/2"}],"replies":[{"embeddable":true,"href":"https:\/\/www.elgrillitosuena.com\/inicio\/wp-json\/wp\/v2\/comments?post=3058"}],"version-history":[{"count":1,"href":"https:\/\/www.elgrillitosuena.com\/inicio\/wp-json\/wp\/v2\/posts\/3058\/revisions"}],"predecessor-version":[{"id":3060,"href":"https:\/\/www.elgrillitosuena.com\/inicio\/wp-json\/wp\/v2\/posts\/3058\/revisions\/3060"}],"wp:featuredmedia":[{"embeddable":true,"href":"https:\/\/www.elgrillitosuena.com\/inicio\/wp-json\/wp\/v2\/media\/3059"}],"wp:attachment":[{"href":"https:\/\/www.elgrillitosuena.com\/inicio\/wp-json\/wp\/v2\/media?parent=3058"}],"wp:term":[{"taxonomy":"category","embeddable":true,"href":"https:\/\/www.elgrillitosuena.com\/inicio\/wp-json\/wp\/v2\/categories?post=3058"},{"taxonomy":"post_tag","embeddable":true,"href":"https:\/\/www.elgrillitosuena.com\/inicio\/wp-json\/wp\/v2\/tags?post=3058"}],"curies":[{"name":"wp","href":"https:\/\/api.w.org\/{rel}","templated":true}]}}