{"id":29891,"date":"2026-02-10T18:04:49","date_gmt":"2026-02-10T18:04:49","guid":{"rendered":"https:\/\/www.elgrillitosuena.com\/inicio\/?p=29891"},"modified":"2026-02-13T16:47:11","modified_gmt":"2026-02-13T16:47:11","slug":"presidenta-claudia-sheinbaum-encabeza-ceremonia-por-el-111-aniversario-de-la-fuerza-aerea-mexicana","status":"publish","type":"post","link":"https:\/\/www.elgrillitosuena.com\/inicio\/noticias\/mexico\/presidenta-claudia-sheinbaum-encabeza-ceremonia-por-el-111-aniversario-de-la-fuerza-aerea-mexicana\/","title":{"rendered":"Presidenta Claudia Sheinbaum encabeza ceremonia por el 111 aniversario de la Fuerza A\u00e9rea Mexicana"},"content":{"rendered":"<p><img decoding=\"async\" loading=\"lazy\" class=\"alignnone wp-image-29893\" src=\"https:\/\/www.elgrillitosuena.com\/inicio\/wp-content\/uploads\/2026\/02\/EH_UNA_FOTO_2025_02_10_T172456_044_7a9a8474d6-300x162.jpg\" alt=\"\" width=\"608\" height=\"328\" srcset=\"https:\/\/www.elgrillitosuena.com\/inicio\/wp-content\/uploads\/2026\/02\/EH_UNA_FOTO_2025_02_10_T172456_044_7a9a8474d6-300x162.jpg 300w, https:\/\/www.elgrillitosuena.com\/inicio\/wp-content\/uploads\/2026\/02\/EH_UNA_FOTO_2025_02_10_T172456_044_7a9a8474d6-1024x551.jpg 1024w, https:\/\/www.elgrillitosuena.com\/inicio\/wp-content\/uploads\/2026\/02\/EH_UNA_FOTO_2025_02_10_T172456_044_7a9a8474d6-768x414.jpg 768w, https:\/\/www.elgrillitosuena.com\/inicio\/wp-content\/uploads\/2026\/02\/EH_UNA_FOTO_2025_02_10_T172456_044_7a9a8474d6.jpg 1300w\" sizes=\"(max-width: 608px) 100vw, 608px\" \/><\/p>\n<p data-start=\"216\" data-end=\"583\">La presidenta de M\u00e9xico, <strong data-start=\"270\" data-end=\"297\">Claudia Sheinbaum Pardo<\/strong>, encabez\u00f3 la ma\u00f1ana de este <strong data-start=\"326\" data-end=\"343\">10 de febrero<\/strong> la ceremonia oficial con motivo del <strong data-start=\"380\" data-end=\"433\">111 aniversario de la Fuerza A\u00e9rea Mexicana (FAM)<\/strong>, realizada en las instalaciones militares de <strong data-start=\"479\" data-end=\"509\">Zumpango, Estado de M\u00e9xico<\/strong>, con la presencia de autoridades civiles y mandos de las Fuerzas Armadas.<\/p>\n<p data-start=\"585\" data-end=\"945\">Durante su mensaje, la mandataria <strong data-start=\"619\" data-end=\"739\">reconoci\u00f3 la labor, disciplina y vocaci\u00f3n de servicio de las mujeres y hombres que integran la Fuerza A\u00e9rea Mexicana<\/strong>, destacando su contribuci\u00f3n permanente a la <strong data-start=\"784\" data-end=\"877\">seguridad nacional, la defensa de la soberan\u00eda y la protecci\u00f3n del espacio a\u00e9reo mexicano<\/strong>, as\u00ed como su participaci\u00f3n en tareas de apoyo a la poblaci\u00f3n civil.<\/p>\n<p data-start=\"947\" data-end=\"1253\">Sheinbaum Pardo subray\u00f3 que la Fuerza A\u00e9rea Mexicana ha sido un <strong data-start=\"1011\" data-end=\"1084\">pilar fundamental en la atenci\u00f3n de emergencias y desastres naturales<\/strong>, mediante el traslado de v\u00edveres, evacuaciones a\u00e9reas, misiones de rescate y apoyo humanitario en distintas regiones del pa\u00eds, especialmente en zonas de dif\u00edcil acceso.<\/p>\n<p data-start=\"1255\" data-end=\"1569\">Asimismo, destac\u00f3 la importancia de la <strong data-start=\"1294\" data-end=\"1359\">coordinaci\u00f3n entre las distintas ramas de las Fuerzas Armadas<\/strong> para fortalecer la paz, la seguridad y la estabilidad del pa\u00eds, as\u00ed como el compromiso del Gobierno de M\u00e9xico de continuar respaldando a las instituciones encargadas de la defensa y protecci\u00f3n de la poblaci\u00f3n.<\/p>\n<p data-start=\"1571\" data-end=\"1838\">La ceremonia incluy\u00f3 honores militares, un pase de lista y actos protocolarios en reconocimiento a m\u00e1s de un siglo de historia de la Fuerza A\u00e9rea Mexicana, instituci\u00f3n que desde su creaci\u00f3n ha desempe\u00f1ado un papel estrat\u00e9gico en el desarrollo y la seguridad del pa\u00eds.<\/p>\n","protected":false},"excerpt":{"rendered":"<p>La presidenta de M\u00e9xico, Claudia Sheinbaum Pardo, encabez\u00f3 la ma\u00f1ana de este 10 de febrero la ceremonia oficial con motivo del 111 aniversario de la Fuerza A\u00e9rea Mexicana (FAM), realizada en las instalaciones militares de Zumpango, Estado de M\u00e9xico, con la presencia de autoridades civiles y mandos de las Fuerzas Armadas. Durante su mensaje, la &hellip;<\/p>\n","protected":false},"author":2,"featured_media":29893,"comment_status":"open","ping_status":"closed","sticky":false,"template":"","format":"standard","meta":[],"categories":[39],"tags":[3062,4398,4307,156],"_links":{"self":[{"href":"https:\/\/www.elgrillitosuena.com\/inicio\/wp-json\/wp\/v2\/posts\/29891"}],"collection":[{"href":"https:\/\/www.elgrillitosuena.com\/inicio\/wp-json\/wp\/v2\/posts"}],"about":[{"href":"https:\/\/www.elgrillitosuena.com\/inicio\/wp-json\/wp\/v2\/types\/post"}],"author":[{"embeddable":true,"href":"https:\/\/www.elgrillitosuena.com\/inicio\/wp-json\/wp\/v2\/users\/2"}],"replies":[{"embeddable":true,"href":"https:\/\/www.elgrillitosuena.com\/inicio\/wp-json\/wp\/v2\/comments?post=29891"}],"version-history":[{"count":1,"href":"https:\/\/www.elgrillitosuena.com\/inicio\/wp-json\/wp\/v2\/posts\/29891\/revisions"}],"predecessor-version":[{"id":29894,"href":"https:\/\/www.elgrillitosuena.com\/inicio\/wp-json\/wp\/v2\/posts\/29891\/revisions\/29894"}],"wp:featuredmedia":[{"embeddable":true,"href":"https:\/\/www.elgrillitosuena.com\/inicio\/wp-json\/wp\/v2\/media\/29893"}],"wp:attachment":[{"href":"https:\/\/www.elgrillitosuena.com\/inicio\/wp-json\/wp\/v2\/media?parent=29891"}],"wp:term":[{"taxonomy":"category","embeddable":true,"href":"https:\/\/www.elgrillitosuena.com\/inicio\/wp-json\/wp\/v2\/categories?post=29891"},{"taxonomy":"post_tag","embeddable":true,"href":"https:\/\/www.elgrillitosuena.com\/inicio\/wp-json\/wp\/v2\/tags?post=29891"}],"curies":[{"name":"wp","href":"https:\/\/api.w.org\/{rel}","templated":true}]}}