{"id":29649,"date":"2026-01-27T18:32:13","date_gmt":"2026-01-27T18:32:13","guid":{"rendered":"https:\/\/www.elgrillitosuena.com\/inicio\/?p=29649"},"modified":"2026-01-27T18:32:13","modified_gmt":"2026-01-27T18:32:13","slug":"investigan-a-mas-involucrados-en-el-homicidio-de-la-familia-de-interpretes-bedolla","status":"publish","type":"post","link":"https:\/\/www.elgrillitosuena.com\/inicio\/noticias\/michoacan\/investigan-a-mas-involucrados-en-el-homicidio-de-la-familia-de-interpretes-bedolla\/","title":{"rendered":"Investigan a m\u00e1s involucrados en el homicidio de la familia de int\u00e9rpretes: Bedolla"},"content":{"rendered":"<p><img decoding=\"async\" loading=\"lazy\" class=\"alignnone  wp-image-29650\" src=\"https:\/\/www.elgrillitosuena.com\/inicio\/wp-content\/uploads\/2026\/01\/WhatsApp-Image-2026-01-27-at-12.24.15-PM-300x200.jpeg\" alt=\"\" width=\"611\" height=\"407\" srcset=\"https:\/\/www.elgrillitosuena.com\/inicio\/wp-content\/uploads\/2026\/01\/WhatsApp-Image-2026-01-27-at-12.24.15-PM-300x200.jpeg 300w, https:\/\/www.elgrillitosuena.com\/inicio\/wp-content\/uploads\/2026\/01\/WhatsApp-Image-2026-01-27-at-12.24.15-PM-1024x682.jpeg 1024w, https:\/\/www.elgrillitosuena.com\/inicio\/wp-content\/uploads\/2026\/01\/WhatsApp-Image-2026-01-27-at-12.24.15-PM-768x512.jpeg 768w, https:\/\/www.elgrillitosuena.com\/inicio\/wp-content\/uploads\/2026\/01\/WhatsApp-Image-2026-01-27-at-12.24.15-PM-1536x1023.jpeg 1536w, https:\/\/www.elgrillitosuena.com\/inicio\/wp-content\/uploads\/2026\/01\/WhatsApp-Image-2026-01-27-at-12.24.15-PM-310x205.jpeg 310w, https:\/\/www.elgrillitosuena.com\/inicio\/wp-content\/uploads\/2026\/01\/WhatsApp-Image-2026-01-27-at-12.24.15-PM.jpeg 1600w\" sizes=\"(max-width: 611px) 100vw, 611px\" \/><\/p>\n<p>Tras realizar un informe sobre los avances en la investigaci\u00f3n de la familia de int\u00e9rpretes de Lengua de Se\u00f1as Mexicana, el gobernador se\u00f1al\u00f3 que existen otros involucrados en el caso que est\u00e1n siendo investigados y llam\u00f3 a no especular.<\/p>\n<p>En conferencia de prensa donde estuvieron presentes el fiscal Carlos Torres Pi\u00f1a; el secretario de Gobierno, Ra\u00fal Zepeda Villase\u00f1or, y el secretario de Seguridad, Jos\u00e9 Antonio Cruz Medina, el mandatario explic\u00f3 que por el homicidio de las tres personas se encuentra detenido Alfredo \u201cN\u201d quien es familiar de las v\u00edctimas y ser\u00e1 el pr\u00f3ximo viernes 30 de enero cuando se d\u00e9 continuidad a la audiencia donde se determinar\u00e1 la situaci\u00f3n jur\u00eddica del implicado.<\/p>\n<p>Destac\u00f3 que con el avance de la investigaci\u00f3n que lleva a cabo la Fiscal\u00eda, habr\u00e1 mayores resultados que permitan el pleno esclarecimiento de los hechos.<\/p>\n<p>Mientras que el fiscal, Carlos Torres Pi\u00f1a resalt\u00f3 que desde el momento en que se tuvo conocimiento de la desaparici\u00f3n de las v\u00edctimas, la Fiscal\u00eda actu\u00f3 conforme a los protocolos legales, con debida diligencia y manteniendo comunicaci\u00f3n permanente con sus familiares, quienes tras denunciar los hechos, no autorizaron la difusi\u00f3n de las c\u00e9dulas de b\u00fasqueda.<\/p>\n<p>Precis\u00f3 que no existi\u00f3 omisi\u00f3n ni retraso en las actuaciones ministeriales, ya que desde el inicio se activaron los mecanismos de b\u00fasqueda e investigaci\u00f3n previstos en la ley, priorizando la atenci\u00f3n a las v\u00edctimas indirectas y el desarrollo t\u00e9cnico de las indagatorias.<\/p>\n<p>\u201cDerivado de las labores de investigaci\u00f3n, se cuenta con una persona detenida, familiar de una de las v\u00edctimas, quien fue identificado como Alfredo \u201cN\u201d, de 47 a\u00f1os de edad, y ya fue puesto a disposici\u00f3n de la autoridad jurisdiccional correspondiente.<\/p>\n<p>Aclar\u00f3 que hasta el momento no se advierte que el multihomicidio est\u00e9 relacionado con la delincuencia organizada ni con la actividad profesional de las v\u00edctimas: &#8220;No obstante, se mantiene un seguimiento puntual del caso y comunicaci\u00f3n constante con la Comisi\u00f3n Estatal de Derechos Humanos, como parte de un enfoque integral en la investigaci\u00f3n\u201d, agreg\u00f3.<\/p>\n","protected":false},"excerpt":{"rendered":"<p>Tras realizar un informe sobre los avances en la investigaci\u00f3n de la familia de int\u00e9rpretes de Lengua de Se\u00f1as Mexicana, el gobernador se\u00f1al\u00f3 que existen otros involucrados en el caso que est\u00e1n siendo investigados y llam\u00f3 a no especular. En conferencia de prensa donde estuvieron presentes el fiscal Carlos Torres Pi\u00f1a; el secretario de Gobierno, &hellip;<\/p>\n","protected":false},"author":2,"featured_media":0,"comment_status":"open","ping_status":"closed","sticky":false,"template":"","format":"standard","meta":[],"categories":[38],"tags":[],"_links":{"self":[{"href":"https:\/\/www.elgrillitosuena.com\/inicio\/wp-json\/wp\/v2\/posts\/29649"}],"collection":[{"href":"https:\/\/www.elgrillitosuena.com\/inicio\/wp-json\/wp\/v2\/posts"}],"about":[{"href":"https:\/\/www.elgrillitosuena.com\/inicio\/wp-json\/wp\/v2\/types\/post"}],"author":[{"embeddable":true,"href":"https:\/\/www.elgrillitosuena.com\/inicio\/wp-json\/wp\/v2\/users\/2"}],"replies":[{"embeddable":true,"href":"https:\/\/www.elgrillitosuena.com\/inicio\/wp-json\/wp\/v2\/comments?post=29649"}],"version-history":[{"count":2,"href":"https:\/\/www.elgrillitosuena.com\/inicio\/wp-json\/wp\/v2\/posts\/29649\/revisions"}],"predecessor-version":[{"id":29652,"href":"https:\/\/www.elgrillitosuena.com\/inicio\/wp-json\/wp\/v2\/posts\/29649\/revisions\/29652"}],"wp:attachment":[{"href":"https:\/\/www.elgrillitosuena.com\/inicio\/wp-json\/wp\/v2\/media?parent=29649"}],"wp:term":[{"taxonomy":"category","embeddable":true,"href":"https:\/\/www.elgrillitosuena.com\/inicio\/wp-json\/wp\/v2\/categories?post=29649"},{"taxonomy":"post_tag","embeddable":true,"href":"https:\/\/www.elgrillitosuena.com\/inicio\/wp-json\/wp\/v2\/tags?post=29649"}],"curies":[{"name":"wp","href":"https:\/\/api.w.org\/{rel}","templated":true}]}}