{"id":29646,"date":"2026-01-27T17:23:58","date_gmt":"2026-01-27T17:23:58","guid":{"rendered":"https:\/\/www.elgrillitosuena.com\/inicio\/?p=29646"},"modified":"2026-01-27T17:23:58","modified_gmt":"2026-01-27T17:23:58","slug":"recuperan-500-hectareas-del-lago-de-patzcuaro-mediante-estrategia-ambiental-integral","status":"publish","type":"post","link":"https:\/\/www.elgrillitosuena.com\/inicio\/noticias\/michoacan\/recuperan-500-hectareas-del-lago-de-patzcuaro-mediante-estrategia-ambiental-integral\/","title":{"rendered":"Recuperan 500 hect\u00e1reas del lago de P\u00e1tzcuaro mediante estrategia ambiental integral"},"content":{"rendered":"<p><img decoding=\"async\" loading=\"lazy\" class=\"alignnone  wp-image-29647\" src=\"https:\/\/www.elgrillitosuena.com\/inicio\/wp-content\/uploads\/2026\/01\/TWFJRNF2BBHZTBK7VE5L2T3DLM-300x150.jpg\" alt=\"\" width=\"610\" height=\"305\" srcset=\"https:\/\/www.elgrillitosuena.com\/inicio\/wp-content\/uploads\/2026\/01\/TWFJRNF2BBHZTBK7VE5L2T3DLM-300x150.jpg 300w, https:\/\/www.elgrillitosuena.com\/inicio\/wp-content\/uploads\/2026\/01\/TWFJRNF2BBHZTBK7VE5L2T3DLM-1024x512.jpg 1024w, https:\/\/www.elgrillitosuena.com\/inicio\/wp-content\/uploads\/2026\/01\/TWFJRNF2BBHZTBK7VE5L2T3DLM-768x384.jpg 768w, https:\/\/www.elgrillitosuena.com\/inicio\/wp-content\/uploads\/2026\/01\/TWFJRNF2BBHZTBK7VE5L2T3DLM-660x330.jpg 660w, https:\/\/www.elgrillitosuena.com\/inicio\/wp-content\/uploads\/2026\/01\/TWFJRNF2BBHZTBK7VE5L2T3DLM-1050x525.jpg 1050w, https:\/\/www.elgrillitosuena.com\/inicio\/wp-content\/uploads\/2026\/01\/TWFJRNF2BBHZTBK7VE5L2T3DLM.jpg 1100w\" sizes=\"(max-width: 610px) 100vw, 610px\" \/><\/p>\n<p data-start=\"240\" data-end=\"560\">Como resultado de una estrategia ambiental integral implementada durante los \u00faltimos dos a\u00f1os, el Gobierno de Michoac\u00e1n inform\u00f3 la <strong data-start=\"418\" data-end=\"490\">recuperaci\u00f3n de 500 hect\u00e1reas de la superficie del lago de P\u00e1tzcuaro<\/strong>, uno de los cuerpos de agua m\u00e1s emblem\u00e1ticos y relevantes del estado.<\/p>\n<p data-start=\"562\" data-end=\"917\">El gobernador <strong data-start=\"576\" data-end=\"603\">Alfredo Ram\u00edrez Bedolla<\/strong> detall\u00f3 que esta recuperaci\u00f3n es producto de un trabajo coordinado entre autoridades estatales y federales, as\u00ed como de la participaci\u00f3n activa de <strong data-start=\"751\" data-end=\"817\">comunidades ind\u00edgenas, autogobiernos y habitantes de la regi\u00f3n<\/strong>, con el objetivo de revertir el deterioro ambiental que ha afectado al lago en las \u00faltimas d\u00e9cadas.<\/p>\n<p data-start=\"919\" data-end=\"1225\">De acuerdo con la informaci\u00f3n oficial, la estrategia incluy\u00f3 la <strong data-start=\"983\" data-end=\"1019\">rehabilitaci\u00f3n de 89 manantiales<\/strong>, la limpieza y desazolve de canales naturales que alimentan al lago \u2014entre ellos Chapultepec, Erongar\u00edcuaro e Ihuatzio\u2014, as\u00ed como acciones para mejorar el flujo h\u00eddrico y la recarga natural del ecosistema.<\/p>\n<p data-start=\"1227\" data-end=\"1537\">Asimismo, se implement\u00f3 el uso de <strong data-start=\"1261\" data-end=\"1285\">tecnolog\u00eda satelital<\/strong> para identificar tomas de agua irregulares y regular el aprovechamiento del recurso, adem\u00e1s de generar m\u00e1s de <strong data-start=\"1396\" data-end=\"1426\">dos mil empleos temporales<\/strong> para habitantes de las comunidades cercanas, quienes participaron directamente en las labores de restauraci\u00f3n.<\/p>\n<p data-start=\"1539\" data-end=\"1835\">Como parte del proceso de recuperaci\u00f3n ambiental, tambi\u00e9n se llevaron a cabo acciones de <strong data-start=\"1628\" data-end=\"1692\">restauraci\u00f3n ecol\u00f3gica y fortalecimiento de la biodiversidad<\/strong>, entre ellas la liberaci\u00f3n de especies nativas como el pez blanco y la ac\u00famara, con el fin de favorecer el equilibrio del ecosistema lacustre.<\/p>\n<p data-start=\"1837\" data-end=\"2116\">Las autoridades se\u00f1alaron que los avances han permitido una <strong data-start=\"1897\" data-end=\"1937\">mejor\u00eda visible en el nivel del agua<\/strong>, as\u00ed como la reactivaci\u00f3n gradual de actividades productivas, culturales y tur\u00edsticas en la regi\u00f3n, las cuales se hab\u00edan visto afectadas por la sequ\u00eda y la degradaci\u00f3n ambiental.<\/p>\n<p data-start=\"2118\" data-end=\"2398\">Para el a\u00f1o 2026, el plan contempla la <strong data-start=\"2157\" data-end=\"2194\">continuidad de las obras h\u00eddricas<\/strong>, la limpieza de m\u00e1s canales estrat\u00e9gicos y la reforestaci\u00f3n de amplias zonas de la cuenca, con el prop\u00f3sito de consolidar la recuperaci\u00f3n del lago de P\u00e1tzcuaro y garantizar su preservaci\u00f3n a largo plazo.<\/p>\n","protected":false},"excerpt":{"rendered":"<p>Como resultado de una estrategia ambiental integral implementada durante los \u00faltimos dos a\u00f1os, el Gobierno de Michoac\u00e1n inform\u00f3 la recuperaci\u00f3n de 500 hect\u00e1reas de la superficie del lago de P\u00e1tzcuaro, uno de los cuerpos de agua m\u00e1s emblem\u00e1ticos y relevantes del estado. El gobernador Alfredo Ram\u00edrez Bedolla detall\u00f3 que esta recuperaci\u00f3n es producto de un &hellip;<\/p>\n","protected":false},"author":2,"featured_media":0,"comment_status":"open","ping_status":"closed","sticky":false,"template":"","format":"standard","meta":[],"categories":[38],"tags":[1644,1289,6655],"_links":{"self":[{"href":"https:\/\/www.elgrillitosuena.com\/inicio\/wp-json\/wp\/v2\/posts\/29646"}],"collection":[{"href":"https:\/\/www.elgrillitosuena.com\/inicio\/wp-json\/wp\/v2\/posts"}],"about":[{"href":"https:\/\/www.elgrillitosuena.com\/inicio\/wp-json\/wp\/v2\/types\/post"}],"author":[{"embeddable":true,"href":"https:\/\/www.elgrillitosuena.com\/inicio\/wp-json\/wp\/v2\/users\/2"}],"replies":[{"embeddable":true,"href":"https:\/\/www.elgrillitosuena.com\/inicio\/wp-json\/wp\/v2\/comments?post=29646"}],"version-history":[{"count":1,"href":"https:\/\/www.elgrillitosuena.com\/inicio\/wp-json\/wp\/v2\/posts\/29646\/revisions"}],"predecessor-version":[{"id":29648,"href":"https:\/\/www.elgrillitosuena.com\/inicio\/wp-json\/wp\/v2\/posts\/29646\/revisions\/29648"}],"wp:attachment":[{"href":"https:\/\/www.elgrillitosuena.com\/inicio\/wp-json\/wp\/v2\/media?parent=29646"}],"wp:term":[{"taxonomy":"category","embeddable":true,"href":"https:\/\/www.elgrillitosuena.com\/inicio\/wp-json\/wp\/v2\/categories?post=29646"},{"taxonomy":"post_tag","embeddable":true,"href":"https:\/\/www.elgrillitosuena.com\/inicio\/wp-json\/wp\/v2\/tags?post=29646"}],"curies":[{"name":"wp","href":"https:\/\/api.w.org\/{rel}","templated":true}]}}