{"id":2921,"date":"2020-12-23T02:41:02","date_gmt":"2020-12-23T02:41:02","guid":{"rendered":"https:\/\/www.elgrillitosuena.com\/inicio\/?p=2921"},"modified":"2020-12-23T02:41:02","modified_gmt":"2020-12-23T02:41:02","slug":"municipio-encabezo-colocacion-de-ofrenda-por-el-205-aniversario-luctuoso-de-jose-maria-morelos","status":"publish","type":"post","link":"https:\/\/www.elgrillitosuena.com\/inicio\/noticias\/uruapan\/municipio-encabezo-colocacion-de-ofrenda-por-el-205-aniversario-luctuoso-de-jose-maria-morelos\/","title":{"rendered":"Municipio Encabez\u00f3 Colocaci\u00f3n De Ofrenda Por El 205 Aniversario Luctuoso De Jos\u00e9 Mar\u00eda Morelos"},"content":{"rendered":"<h4><img decoding=\"async\" loading=\"lazy\" class=\"alignnone size-full wp-image-2922\" src=\"https:\/\/www.elgrillitosuena.com\/inicio\/wp-content\/uploads\/2020\/12\/A1Municipio.jpg\" alt=\"\" width=\"1024\" height=\"682\" srcset=\"https:\/\/www.elgrillitosuena.com\/inicio\/wp-content\/uploads\/2020\/12\/A1Municipio.jpg 1024w, https:\/\/www.elgrillitosuena.com\/inicio\/wp-content\/uploads\/2020\/12\/A1Municipio-300x200.jpg 300w, https:\/\/www.elgrillitosuena.com\/inicio\/wp-content\/uploads\/2020\/12\/A1Municipio-768x512.jpg 768w, https:\/\/www.elgrillitosuena.com\/inicio\/wp-content\/uploads\/2020\/12\/A1Municipio-310x205.jpg 310w\" sizes=\"(max-width: 1024px) 100vw, 1024px\" \/><\/h4>\n<h4>A mantener vivos sus ideales de justicia social, convocan Autoridades Municipales<\/h4>\n<p>&nbsp;<\/p>\n<p><strong>URUAPAN, MICH; MARTES 22 DE DICIEMBRE DE 2020.-<\/strong> Con guardia de honor y una ofrenda floral, Autoridades Municipales de Uruapan presididas por Miguel \u00c1ngel Paredes Melgoza, recordaron el CCV aniversario luctuoso de Jos\u00e9 Mar\u00eda Morelos y Pav\u00f3n.<\/p>\n<p>El evento se llev\u00f3 a cabo al pie del monumento del Siervo de la Naci\u00f3n, ubicado en la plaza Morelos de esta ciudad. De esta manera el H. Ayuntamiento de Uruapan honra la memoria de quien plasm\u00f3 en sus ideas filos\u00f3ficas, liberales y de justicia social en los Sentimientos de la Naci\u00f3n, a fin de que se hicieran realidad en beneficio de todos los mexicanos.<\/p>\n<p><img decoding=\"async\" loading=\"lazy\" class=\"alignnone size-full wp-image-2923\" src=\"https:\/\/www.elgrillitosuena.com\/inicio\/wp-content\/uploads\/2020\/12\/A2Municipio.jpg\" alt=\"\" width=\"1280\" height=\"853\" srcset=\"https:\/\/www.elgrillitosuena.com\/inicio\/wp-content\/uploads\/2020\/12\/A2Municipio.jpg 1280w, https:\/\/www.elgrillitosuena.com\/inicio\/wp-content\/uploads\/2020\/12\/A2Municipio-300x200.jpg 300w, https:\/\/www.elgrillitosuena.com\/inicio\/wp-content\/uploads\/2020\/12\/A2Municipio-1024x682.jpg 1024w, https:\/\/www.elgrillitosuena.com\/inicio\/wp-content\/uploads\/2020\/12\/A2Municipio-768x512.jpg 768w\" sizes=\"(max-width: 1280px) 100vw, 1280px\" \/><\/p>\n<p>Adem\u00e1s de haber sido art\u00edfice de la lucha de Independencia de M\u00e9xico, Morelos no acept\u00f3 que le llamaran su alteza, ni que se refiriera a \u00e9l con otros t\u00edtulos nobiliarios. Prefiri\u00f3 ser llamado el Siervo de la Naci\u00f3n, convencido de que su vocaci\u00f3n era servir al pueblo.<\/p>\n<p>En reconocimiento a los valores libertarios, disciplina, liderazgo y capacidad intelectual, Jos\u00e9 Mar\u00eda fue nombrado General\u00edsimo Morelos, quien encamin\u00f3 a M\u00e9xico para alcanzar la independencia y soberan\u00eda con una gran cantidad de victorias militares.<\/p>\n<p>En la colocaci\u00f3n de la ofrenda y guardia de honor estuvieron presentes regidoras, regidores y secretarios municipales.<\/p>\n","protected":false},"excerpt":{"rendered":"<p>A mantener vivos sus ideales de justicia social, convocan Autoridades Municipales &nbsp; URUAPAN, MICH; MARTES 22 DE DICIEMBRE DE 2020.- Con guardia de honor y una ofrenda floral, Autoridades Municipales de Uruapan presididas por Miguel \u00c1ngel Paredes Melgoza, recordaron el CCV aniversario luctuoso de Jos\u00e9 Mar\u00eda Morelos y Pav\u00f3n. El evento se llev\u00f3 a cabo &hellip;<\/p>\n","protected":false},"author":2,"featured_media":2922,"comment_status":"open","ping_status":"closed","sticky":false,"template":"","format":"standard","meta":[],"categories":[51,37],"tags":[727,726,63],"_links":{"self":[{"href":"https:\/\/www.elgrillitosuena.com\/inicio\/wp-json\/wp\/v2\/posts\/2921"}],"collection":[{"href":"https:\/\/www.elgrillitosuena.com\/inicio\/wp-json\/wp\/v2\/posts"}],"about":[{"href":"https:\/\/www.elgrillitosuena.com\/inicio\/wp-json\/wp\/v2\/types\/post"}],"author":[{"embeddable":true,"href":"https:\/\/www.elgrillitosuena.com\/inicio\/wp-json\/wp\/v2\/users\/2"}],"replies":[{"embeddable":true,"href":"https:\/\/www.elgrillitosuena.com\/inicio\/wp-json\/wp\/v2\/comments?post=2921"}],"version-history":[{"count":1,"href":"https:\/\/www.elgrillitosuena.com\/inicio\/wp-json\/wp\/v2\/posts\/2921\/revisions"}],"predecessor-version":[{"id":2924,"href":"https:\/\/www.elgrillitosuena.com\/inicio\/wp-json\/wp\/v2\/posts\/2921\/revisions\/2924"}],"wp:featuredmedia":[{"embeddable":true,"href":"https:\/\/www.elgrillitosuena.com\/inicio\/wp-json\/wp\/v2\/media\/2922"}],"wp:attachment":[{"href":"https:\/\/www.elgrillitosuena.com\/inicio\/wp-json\/wp\/v2\/media?parent=2921"}],"wp:term":[{"taxonomy":"category","embeddable":true,"href":"https:\/\/www.elgrillitosuena.com\/inicio\/wp-json\/wp\/v2\/categories?post=2921"},{"taxonomy":"post_tag","embeddable":true,"href":"https:\/\/www.elgrillitosuena.com\/inicio\/wp-json\/wp\/v2\/tags?post=2921"}],"curies":[{"name":"wp","href":"https:\/\/api.w.org\/{rel}","templated":true}]}}