{"id":2916,"date":"2020-12-23T02:33:01","date_gmt":"2020-12-23T02:33:01","guid":{"rendered":"https:\/\/www.elgrillitosuena.com\/inicio\/?p=2916"},"modified":"2020-12-23T02:33:01","modified_gmt":"2020-12-23T02:33:01","slug":"ahora-el-cafe-tampoco-es-cafe-profeco-revelara-marcas-adulteradas","status":"publish","type":"post","link":"https:\/\/www.elgrillitosuena.com\/inicio\/noticias\/mexico\/ahora-el-cafe-tampoco-es-cafe-profeco-revelara-marcas-adulteradas\/","title":{"rendered":"Ahora El Caf\u00e9 Tampoco Es Caf\u00e9: PROFECO Revelar\u00e1 Marcas Adulteradas"},"content":{"rendered":"<p><strong>Al igual que con los quesos que no son quesos<\/strong>, ahora la Procuradur\u00eda Federal del Consumidor\u00a0<strong>(Profeco)<\/strong>\u00a0adelant\u00f3 que revelar\u00e1 datos de un estudio realizado en diversas marcas de caf\u00e9 soluble, en donde s\u00f3lo una ha obtenido resultados sospechosos, por lo que se\u00f1alaron que est\u00e1 adulterada.<\/p>\n<p><img decoding=\"async\" loading=\"lazy\" class=\"alignnone size-full wp-image-2917\" src=\"https:\/\/www.elgrillitosuena.com\/inicio\/wp-content\/uploads\/2020\/12\/A1Cafe.jpg\" alt=\"\" width=\"1800\" height=\"798\" srcset=\"https:\/\/www.elgrillitosuena.com\/inicio\/wp-content\/uploads\/2020\/12\/A1Cafe.jpg 1800w, https:\/\/www.elgrillitosuena.com\/inicio\/wp-content\/uploads\/2020\/12\/A1Cafe-300x133.jpg 300w, https:\/\/www.elgrillitosuena.com\/inicio\/wp-content\/uploads\/2020\/12\/A1Cafe-1024x454.jpg 1024w, https:\/\/www.elgrillitosuena.com\/inicio\/wp-content\/uploads\/2020\/12\/A1Cafe-768x340.jpg 768w, https:\/\/www.elgrillitosuena.com\/inicio\/wp-content\/uploads\/2020\/12\/A1Cafe-1536x681.jpg 1536w\" sizes=\"(max-width: 1800px) 100vw, 1800px\" \/><\/p>\n<p>En entrevista con Milenio,\u00a0<strong>el titular de la PROFECO<\/strong>, Ricardo Sheffield se\u00f1al\u00f3 que la marca de caf\u00e9 Golden Hills fue la \u00fanica que present\u00f3 discrepancias en sus resultados, pues mostr\u00f3 <strong>altos niveles de azucares<\/strong>, por lo que determinaron que esta adulterado.<\/p>\n<blockquote><p>\u201cRevisamos todas las marcas de\u00a0<strong>caf\u00e9 soluble del pa\u00eds<\/strong>, solamente Golden Hills, nos tiene con sospecha por los altos niveles de az\u00facares. Entonces nos falta una prueba que s\u00f3lo la UNAM puede hacer, para tener la contundencia de con qu\u00e9 lo est\u00e1n adulterando.\u201d, se\u00f1al\u00f3 el titular.<\/p><\/blockquote>\n<p><img decoding=\"async\" loading=\"lazy\" class=\"alignnone size-full wp-image-2918\" src=\"https:\/\/www.elgrillitosuena.com\/inicio\/wp-content\/uploads\/2020\/12\/A3Cafe.jpg\" alt=\"\" width=\"1200\" height=\"675\" srcset=\"https:\/\/www.elgrillitosuena.com\/inicio\/wp-content\/uploads\/2020\/12\/A3Cafe.jpg 1200w, https:\/\/www.elgrillitosuena.com\/inicio\/wp-content\/uploads\/2020\/12\/A3Cafe-300x169.jpg 300w, https:\/\/www.elgrillitosuena.com\/inicio\/wp-content\/uploads\/2020\/12\/A3Cafe-1024x576.jpg 1024w, https:\/\/www.elgrillitosuena.com\/inicio\/wp-content\/uploads\/2020\/12\/A3Cafe-768x432.jpg 768w\" sizes=\"(max-width: 1200px) 100vw, 1200px\" \/><\/p>\n<p>Se\u00f1al\u00f3 que esta marca ser\u00e1 sometida a estudios en la <strong>Universidad Nacional Aut\u00f3noma de M\u00e9xico<\/strong>, para determinar con qu\u00e9 se ha adulterado el caf\u00e9 soluble, sin embargo esperar\u00e1n a que de nueva cuenta abran los laboratorios y as\u00ed saber si es garbanzo lo que le adicionan.<\/p>\n<p>Finalmente se\u00f1al\u00f3 que el estudio ser\u00e1 publicado\u00a0<strong>\u201cas\u00ed como est\u00e1\u201d,\u00a0<\/strong>pues estos primeros resultados ya confirman que esta marca est\u00e1 adulterada, por lo que el\u00a0<strong>pr\u00f3ximo estudio\u00a0<\/strong>solo revelara con qu\u00e9.<\/p>\n<blockquote><p>\u201cPor lo pronto, y que s\u00ed es un hecho, es que\u00a0<strong>Golden Hills\u00a0<\/strong>es un caf\u00e9 soluble que est\u00e1 adulterado. El estudio, se publicar\u00e1 as\u00ed como est\u00e1; mi duda no es que est\u00e9 adulterado, si no con qu\u00e9, entonces para t\u00e9rminos legales, me falta un estudio, pero para t\u00e9rminos de\u00a0<strong>informaci\u00f3n al consumidor<\/strong>, ya lo voy a publicar\u201d, asegur\u00f3.<\/p><\/blockquote>\n","protected":false},"excerpt":{"rendered":"<p>Al igual que con los quesos que no son quesos, ahora la Procuradur\u00eda Federal del Consumidor\u00a0(Profeco)\u00a0adelant\u00f3 que revelar\u00e1 datos de un estudio realizado en diversas marcas de caf\u00e9 soluble, en donde s\u00f3lo una ha obtenido resultados sospechosos, por lo que se\u00f1alaron que est\u00e1 adulterada. En entrevista con Milenio,\u00a0el titular de la PROFECO, Ricardo Sheffield se\u00f1al\u00f3 &hellip;<\/p>\n","protected":false},"author":2,"featured_media":2919,"comment_status":"open","ping_status":"closed","sticky":false,"template":"","format":"standard","meta":[],"categories":[39,51],"tags":[725,74,151],"_links":{"self":[{"href":"https:\/\/www.elgrillitosuena.com\/inicio\/wp-json\/wp\/v2\/posts\/2916"}],"collection":[{"href":"https:\/\/www.elgrillitosuena.com\/inicio\/wp-json\/wp\/v2\/posts"}],"about":[{"href":"https:\/\/www.elgrillitosuena.com\/inicio\/wp-json\/wp\/v2\/types\/post"}],"author":[{"embeddable":true,"href":"https:\/\/www.elgrillitosuena.com\/inicio\/wp-json\/wp\/v2\/users\/2"}],"replies":[{"embeddable":true,"href":"https:\/\/www.elgrillitosuena.com\/inicio\/wp-json\/wp\/v2\/comments?post=2916"}],"version-history":[{"count":1,"href":"https:\/\/www.elgrillitosuena.com\/inicio\/wp-json\/wp\/v2\/posts\/2916\/revisions"}],"predecessor-version":[{"id":2920,"href":"https:\/\/www.elgrillitosuena.com\/inicio\/wp-json\/wp\/v2\/posts\/2916\/revisions\/2920"}],"wp:featuredmedia":[{"embeddable":true,"href":"https:\/\/www.elgrillitosuena.com\/inicio\/wp-json\/wp\/v2\/media\/2919"}],"wp:attachment":[{"href":"https:\/\/www.elgrillitosuena.com\/inicio\/wp-json\/wp\/v2\/media?parent=2916"}],"wp:term":[{"taxonomy":"category","embeddable":true,"href":"https:\/\/www.elgrillitosuena.com\/inicio\/wp-json\/wp\/v2\/categories?post=2916"},{"taxonomy":"post_tag","embeddable":true,"href":"https:\/\/www.elgrillitosuena.com\/inicio\/wp-json\/wp\/v2\/tags?post=2916"}],"curies":[{"name":"wp","href":"https:\/\/api.w.org\/{rel}","templated":true}]}}